{"id":52068,"__str__":"Projeto de Lei n\u00ba 729 de 2025","metadata":{},"numero":729,"ano":2025,"numero_protocolo":null,"data_apresentacao":"2025-11-03","tipo_apresentacao":"","data_publicacao":null,"numero_origem_externa":"","ano_origem_externa":null,"data_origem_externa":null,"apelido":"","dias_prazo":null,"data_fim_prazo":null,"em_tramitacao":false,"polemica":false,"objeto":"","complementar":false,"ementa":"DISP\u00d5E sobre a altera\u00e7\u00e3o da denomina\u00e7\u00e3o da via Alameda Alphaville, entre os bairros Novo Aleixo e Tancredo Neves, zona Norte e Leste, do munic\u00edpio de Manaus, para Alameda Gigantes da Floresta e d\u00e1 outras provid\u00eancias.","indexacao":"DISP\u00d5E sobre a altera\u00e7\u00e3o da denomina\u00e7\u00e3o da via Alameda Alphaville, entre os bairros Novo Aleixo e Tancredo Neves, zona Norte e Leste, do munic\u00edpio de Manaus, para Alameda Gigantes da Floresta e d\u00e1 outras provid\u00eancias.\r\nArt. 1.\u00ba Fica alterada o nome da Via intitulada Alameda Alphaville, entre os bairros Novo Aleixo e Tancredo Neves, zona Norte e Leste, do munic\u00edpio de Manaus que passa a denominar-se, Alameda Gigantes da Floresta.","observacao":"PROJETO ARQUIVADO por n\u00e3o ter sito deliberado na Sess\u00e3o Legislativa de 2025.","resultado":"","texto_original":"http://sapl.cmm.am.gov.br/media/sapl/public/materialegislativa/2025/52068/pl_729_2025_ver._jander_lobato_campanha_alteracao_da_via_alameda_alphaville_para_alameda_gigantes_da_floresta.pdf","data_ultima_atualizacao":"2026-01-08T11:59:00.743357-04:00","ip":"172.23.4.188","ultima_edicao":"2026-01-08T11:58:40.831911-04:00","tipo":4,"regime_tramitacao":1,"tipo_origem_externa":null,"local_origem_externa":null,"user":13,"anexadas":[],"autores":[142]}