{"id":52066,"__str__":"Projeto de Lei n\u00ba 727 de 2025","metadata":{},"numero":727,"ano":2025,"numero_protocolo":null,"data_apresentacao":"2025-11-03","tipo_apresentacao":"","data_publicacao":null,"numero_origem_externa":"","ano_origem_externa":null,"data_origem_externa":null,"apelido":"","dias_prazo":null,"data_fim_prazo":null,"em_tramitacao":false,"polemica":false,"objeto":"","complementar":false,"ementa":"INSTITUI o Programa de Mobilidade e Conviv\u00eancia no Centro Hist\u00f3rico de Manaus e d\u00e1 outras provid\u00eancias.","indexacao":"INSTITUI o Programa de Mobilidade e Conviv\u00eancia no Centro Hist\u00f3rico de Manaus e d\u00e1 outras provid\u00eancias.\r\nArt. 1\u00ba Fica institu\u00eddo, no \u00e2mbito do Munic\u00edpio de Manaus, o Programa de Mobilidade e Conviv\u00eancia no Centro Hist\u00f3rico, com a finalidade de promover a\r\nmobilidade urbana integrada, a requalifica\u00e7\u00e3o do espa\u00e7o p\u00fablico e o fortalecimento da conviv\u00eancia cidad\u00e3 e econ\u00f4mica na regi\u00e3o central da cidade.","observacao":"DIAP: O autor solicitou arquivamento do PL por meio do MEMORANDO N\u00ba 045/2025 \u2013 GVPT.\r\nProjeto ARQUIVADO em 13/11/2025.","resultado":"","texto_original":"http://sapl.cmm.am.gov.br/media/sapl/public/materialegislativa/2025/52066/pl_727_2025_ver._paulo_tyrone_programa_mobilidade_e_convivencia_no_centro_historico_de_manaus.pdf","data_ultima_atualizacao":"2025-11-13T13:31:25.434422-04:00","ip":"172.23.4.153","ultima_edicao":"2025-11-13T13:30:55.823898-04:00","tipo":4,"regime_tramitacao":1,"tipo_origem_externa":null,"local_origem_externa":null,"user":13,"anexadas":[],"autores":[275]}