{"id":52064,"__str__":"Projeto de Lei n\u00ba 725 de 2025","metadata":{},"numero":725,"ano":2025,"numero_protocolo":null,"data_apresentacao":"2025-10-31","tipo_apresentacao":"","data_publicacao":null,"numero_origem_externa":"","ano_origem_externa":null,"data_origem_externa":null,"apelido":"","dias_prazo":null,"data_fim_prazo":null,"em_tramitacao":false,"polemica":false,"objeto":"","complementar":false,"ementa":"INSTITUI a Pol\u00edtica Municipal de Preven\u00e7\u00e3o e Enfrentamento \u00e0 S\u00edndrome de Burnout entre servidores p\u00fablicos municipais, com diretrizes voltadas \u00e0\r\npromo\u00e7\u00e3o da sa\u00fade mental, melhoria das condi\u00e7\u00f5es de trabalho e valoriza\u00e7\u00e3o profissional.","indexacao":"INSTITUI a Pol\u00edtica Municipal de Preven\u00e7\u00e3o e Enfrentamento \u00e0 S\u00edndrome de Burnout entre servidores p\u00fablicos municipais, com diretrizes voltadas \u00e0\r\npromo\u00e7\u00e3o da sa\u00fade mental, melhoria das condi\u00e7\u00f5es de trabalho e valoriza\u00e7\u00e3o profissional.\r\nArt. 1\u00ba Fica institu\u00edda, no \u00e2mbito da Administra\u00e7\u00e3o P\u00fablica Municipal de Manaus, a Pol\u00edtica Municipal de Preven\u00e7\u00e3o e Enfrentamento \u00e0 S\u00edndrome de Burnout, destinada a promover a sa\u00fade mental e a qualidade de vida no trabalho dos servidores p\u00fablicos municipais.","observacao":"PROJETO ARQUIVADO por n\u00e3o ter sito deliberado na Sess\u00e3o Legislativa de 2025.","resultado":"","texto_original":"http://sapl.cmm.am.gov.br/media/sapl/public/materialegislativa/2025/52064/pl_725_2025_ver._allan_campelo_politica_burnout.pdf","data_ultima_atualizacao":"2026-01-08T11:58:00.916765-04:00","ip":"172.23.4.188","ultima_edicao":"2026-01-08T11:57:48.963777-04:00","tipo":4,"regime_tramitacao":1,"tipo_origem_externa":null,"local_origem_externa":null,"user":13,"anexadas":[],"autores":[133]}