{"id":52051,"__str__":"Projeto de Lei n\u00ba 714 de 2025","metadata":{},"numero":714,"ano":2025,"numero_protocolo":null,"data_apresentacao":"2025-10-29","tipo_apresentacao":"","data_publicacao":null,"numero_origem_externa":"","ano_origem_externa":null,"data_origem_externa":null,"apelido":"","dias_prazo":null,"data_fim_prazo":null,"em_tramitacao":false,"polemica":false,"objeto":"","complementar":false,"ementa":"INSTITUI no \u00e2mbito do Munic\u00edpio de Manaus, o Programa \u201cAbra\u00e7o Dourado\u201d, destinado ao apoio psicol\u00f3gico e social a crian\u00e7as e adolescentes com c\u00e2ncer e a seus familiares, e d\u00e1 outras provid\u00eancias.","indexacao":"INSTITUI no \u00e2mbito do Munic\u00edpio de Manaus, o Programa \u201cAbra\u00e7o Dourado\u201d, destinado ao apoio psicol\u00f3gico e social a crian\u00e7as e adolescentes com c\u00e2ncer e a seus familiares, e d\u00e1 outras provid\u00eancias.\r\nArt. 1\u00ba Fica institu\u00eddo, no \u00e2mbito do Munic\u00edpio de Manaus, o Programa \u201cAbra\u00e7o Dourado\u201d, com a finalidade de oferecer atendimento psicol\u00f3gico, emocional e social a crian\u00e7as e adolescentes com diagn\u00f3stico de c\u00e2ncer, bem como a seus familiares e cuidadores.","observacao":"PROJETO ARQUIVADO por n\u00e3o ter sito deliberado na Sess\u00e3o Legislativa de 2025.","resultado":"","texto_original":"http://sapl.cmm.am.gov.br/media/sapl/public/materialegislativa/2025/52051/pl_714_2025_ver._allan_campelo_programa_abraco_dourado.pdf","data_ultima_atualizacao":"2026-01-08T11:51:39.554881-04:00","ip":"172.23.4.188","ultima_edicao":"2026-01-08T11:51:22.098865-04:00","tipo":4,"regime_tramitacao":1,"tipo_origem_externa":null,"local_origem_externa":null,"user":13,"anexadas":[],"autores":[133]}