{"id":52026,"__str__":"Projeto de Lei n\u00ba 691 de 2025","metadata":{},"numero":691,"ano":2025,"numero_protocolo":null,"data_apresentacao":"2025-10-15","tipo_apresentacao":"","data_publicacao":null,"numero_origem_externa":"","ano_origem_externa":null,"data_origem_externa":null,"apelido":"","dias_prazo":null,"data_fim_prazo":null,"em_tramitacao":true,"polemica":false,"objeto":"","complementar":false,"ementa":"Disp\u00f5e sobre a suspens\u00e3o de benef\u00edcios fiscais, tribut\u00e1rios e de cr\u00e9dito concedidos pelo Munic\u00edpio a pessoas f\u00edsicas ou jur\u00eddicas cujos titulares ou s\u00f3cios sejam condenados por crimes de viol\u00eancia contra a mulher e d\u00e1 outras provid\u00eancias","indexacao":"Disp\u00f5e sobre a suspens\u00e3o de benef\u00edcios fiscais, tribut\u00e1rios e de cr\u00e9dito concedidos pelo Munic\u00edpio a pessoas f\u00edsicas ou jur\u00eddicas cujos titulares ou s\u00f3cios sejam condenados por crimes de viol\u00eancia contra a mulher e d\u00e1 outras provid\u00eancias\r\nArt. 1\u00ba \u2013 Fica determinada a suspens\u00e3o de benef\u00edcios fiscais, tribut\u00e1rios, financeiros ou de cr\u00e9dito concedidos pelo Munic\u00edpio a pessoas f\u00edsicas ou jur\u00eddicas cujos titulares, s\u00f3cios, administradores ou respons\u00e1veis legais tenham sido condenados, com tr\u00e2nsito em julgado, pela pr\u00e1tica de crimes de viol\u00eancia dom\u00e9stica e familiar contra a mulher, previstos na Lei Federal n\u00ba 11.340/2006 (Lei Maria da Penha) e demais legisla\u00e7\u00f5es correlatas.","observacao":"DELIBERA\u00c7\u00c3O: 09/12/2025. \r\nEm 09/12/2025: Segue para an\u00e1lise e emiss\u00e3o de parecer da 2a. CCJR.\r\nPROCURADORIA LEGISLATIVA: (13/02/2026-25/02/2026). Parecer Contr\u00e1rio","resultado":"","texto_original":"http://sapl.cmm.am.gov.br/media/sapl/public/materialegislativa/2025/52026/pl_691_2025_ver._joao_paulo_janjao_suspensao_de_beneficios_fiscais_condenados_por_crime.pdf","data_ultima_atualizacao":"2026-03-03T08:54:48.284663-04:00","ip":"172.23.0.226","ultima_edicao":"2026-03-03T08:54:48.089412-04:00","tipo":4,"regime_tramitacao":1,"tipo_origem_externa":null,"local_origem_externa":null,"user":208,"anexadas":[],"autores":[270,272,274,276,278,152]}