{"id":51930,"__str__":"Projeto de Emenda \u00e0 Loman n\u00ba 11 de 2025","metadata":{},"numero":11,"ano":2025,"numero_protocolo":null,"data_apresentacao":"2025-09-12","tipo_apresentacao":"","data_publicacao":null,"numero_origem_externa":"","ano_origem_externa":null,"data_origem_externa":null,"apelido":"","dias_prazo":null,"data_fim_prazo":null,"em_tramitacao":true,"polemica":false,"objeto":"","complementar":false,"ementa":"ALTERA o par\u00e1grafo \u00fanico, do Art. 8\u00ba, da Lei Org\u00e2nica do Munic\u00edpio de Manaus, em \u00a7 1\u00ba e insere as al\u00edneas a, b e c, e d\u00e1 outras provid\u00eancias.","indexacao":"ALTERA o par\u00e1grafo \u00fanico, do Art. 8\u00ba, da Lei Org\u00e2nica do Munic\u00edpio de Manaus, em \u00a7 1\u00ba e insere as al\u00edneas a, b e c, e d\u00e1 outras provid\u00eancias.\r\nArt. 1\u00ba Fica alterado o par\u00e1grafo \u00fanico do artigo 8\u00ba, da Lei Org\u00e2nica de Manaus, em \u00a7 1\u00ba, e inseridas as al\u00edneas a, b e c, com a seguinte reda\u00e7\u00e3o:\r\n\u201cArt. 8\u00ba ..........................................................................................\r\n\u00a7 1\u00ba A Guarda Municipal de que trata o inciso VI, deste artigo, contar\u00e1 com corpos especializados em:\r\na) guarda municipal ambiental, cabendo a prote\u00e7\u00e3o ao meio ambiente, ao patrim\u00f4nio hist\u00f3rico, cultural, ecol\u00f3gico e paisag\u00edsticos do Munic\u00edpio;\r\nb) guarda municipal tur\u00edstico, cabendo o apoio e orienta\u00e7\u00e3o aos turistas brasileiros e estrangeiros;\r\nc) guarda municipal de tr\u00e2nsito, cabendo cumprir e fazer cumprir a legisla\u00e7\u00e3o e as normas de tr\u00e2nsito, no \u00e2mbito da compet\u00eancia do Munic\u00edpio.\u201d","observacao":"DELIBERA\u00c7\u00c3O: 22/09/2025. \r\nEm 22/09/2025: Segue para an\u00e1lise e emiss\u00e3o de parecer da 2a. CCJR.\r\nPROCURADORIA LEGISLATIVA: (22/09/2025 - 06/10/2025). Contr\u00e1rio.\r\n2\u00aa CCJR: Relator: Ver. Eduardo Assis (06/04/2026-14/04/2026)","resultado":"","texto_original":"http://sapl.cmm.am.gov.br/media/sapl/public/materialegislativa/2025/51930/pel_011_2025_rodrigo_guedes_altera_art_8o_da_loman.pdf","data_ultima_atualizacao":"2026-04-06T10:57:53.198354-04:00","ip":"172.23.1.12","ultima_edicao":"2026-04-06T10:56:58.021791-04:00","tipo":6,"regime_tramitacao":1,"tipo_origem_externa":null,"local_origem_externa":null,"user":224,"anexadas":[],"autores":[150]}