{"id":51899,"__str__":"Projeto de Lei n\u00ba 572 de 2025","metadata":{},"numero":572,"ano":2025,"numero_protocolo":null,"data_apresentacao":"2025-09-01","tipo_apresentacao":"","data_publicacao":null,"numero_origem_externa":"","ano_origem_externa":null,"data_origem_externa":null,"apelido":"","dias_prazo":null,"data_fim_prazo":null,"em_tramitacao":true,"polemica":false,"objeto":"","complementar":false,"ementa":"DISP\u00d5E sobre o Programa Municipal de Universaliza\u00e7\u00e3o das Bibliotecas nos estabelecimentos de ensino municipais da cidade de Manaus.","indexacao":"DISP\u00d5E sobre o Programa Municipal de Universaliza\u00e7\u00e3o das Bibliotecas nos estabelecimentos de ensino municipais da cidade de Manaus.\r\nArt. 1.\u00ba Esta Lei institui o Programa Municipal de Universaliza\u00e7\u00e3o das Bibliotecas nos estabelecimentos de ensinos municipais da cidade de Manaus, mediante as seguintes diretrizes:\r\nI - garantia de um acervo de livros na biblioteca de, no m\u00ednimo, um t\u00edtulo para cada aluno matriculado;\r\nII - garantia de acesso e utiliza\u00e7\u00e3o \u00e0s diferentes cole\u00e7\u00f5es da biblioteca aos alunos com defici\u00eancia, de acordo com suas necessidades espec\u00edficas;\r\nIII - oferta de ambiente agrad\u00e1vel, atraente e pr\u00e1tico para incentivar a utiliza\u00e7\u00e3o do espa\u00e7o;\r\nIV - esfor\u00e7o progressivo do Poder Executivo Municipal para que a universaliza\u00e7\u00e3o das bibliotecas escolares seja efetivada no prazo m\u00e1ximo de (05) cinco anos.","observacao":"DELIBERA\u00c7\u00c3O: 24/11/2025. \r\nEm 24/11/2025: Segue para an\u00e1lise e emiss\u00e3o de parecer da 2a. CCJR.\r\nPROCURADORIA LEGISLATIVA (27/11/22025 - 03/12/2025). Parecer Contr\u00e1rio.\r\n2\u00aa CCJR: Relator: Ver. Eduardo Assis  (18/03/2026-30/03/2026). Parecer Contr\u00e1rio.  Aprovado o parecer contr\u00e1rio, pela totalidade dos presentes, na reuni\u00e3o ordin\u00e1ria, realizada no dia 08/04/2026.","resultado":"","texto_original":"http://sapl.cmm.am.gov.br/media/sapl/public/materialegislativa/2025/51899/pl_572_2025_ver._ze_ricardo_universalizacao_das_bibliotecas.pdf","data_ultima_atualizacao":"2026-04-27T16:09:12.110609-04:00","ip":"172.23.0.248","ultima_edicao":"2026-04-10T12:13:53.254067-04:00","tipo":4,"regime_tramitacao":1,"tipo_origem_externa":null,"local_origem_externa":null,"user":218,"anexadas":[],"autores":[212]}