{"id":51816,"__str__":"Projeto de Lei n\u00ba 493 de 2025","metadata":{},"numero":493,"ano":2025,"numero_protocolo":null,"data_apresentacao":"2025-08-05","tipo_apresentacao":"","data_publicacao":null,"numero_origem_externa":"","ano_origem_externa":null,"data_origem_externa":null,"apelido":"","dias_prazo":null,"data_fim_prazo":null,"em_tramitacao":true,"polemica":false,"objeto":"","complementar":false,"ementa":"INSTITUI a Pol\u00edtica Municipal de Capacita\u00e7\u00e3o Econ\u00f4mica e Inclus\u00e3o Laboral de mulheres em situa\u00e7\u00e3o de viol\u00eancia dom\u00e9stica ou familiar.","indexacao":"INSTITUI a Pol\u00edtica Municipal de Capacita\u00e7\u00e3o Econ\u00f4mica e Inclus\u00e3o Laboral de mulheres em situa\u00e7\u00e3o de viol\u00eancia dom\u00e9stica ou familiar. \r\nArt. 1\u00b0 \u2013 Fica institu\u00edda a Pol\u00edtica Municipal de Capacita\u00e7\u00e3o Econ\u00f4mica e Inclus\u00e3o Laboral de mulheres em situa\u00e7\u00e3o de viol\u00eancia dom\u00e9stica ou familiar, amparadas por medida protetiva emanada de autoridade judicial ou policial nos termos da lei.","observacao":"DELIBERA\u00c7\u00c3O: 08/09/2025. \r\nEm 08/09/2025: Segue para an\u00e1lise e emiss\u00e3o de parecer da 2a. CCJR.\r\nPROCURADORIA LEGISLATIVA (09/09/2025 - 16/09/2025). Parecer Favor\u00e1vel\r\n2\u00aa CCJR: Relator: Kennedy Marques Protetor (09/10/2025-20/10/2025). Parecer Favor\u00e1vel. Aprovado o parecer favor\u00e1vel, pela totalidade dos presentes, na reuni\u00e3o ordin\u00e1ria do dia 19/11/2025.\r\nNo PLEN\u00c1RIO: Na reuni\u00e3o ordin\u00e1ria do dia 11/02/2026, foi aprovado o parecer favor\u00e1vel da 2\u00aa Comiss\u00e3o. Projeto encaminhado \u00e0 3\u00aa Comiss\u00e3o para an\u00e1lise e emiss\u00e3o de parecer.\r\n3\u00aa CFEO: Relator: Marcelo Serafim (04/03/2025 - 16/03/2025). Parecer Favor\u00e1vel. Aprovado o parecer favor\u00e1vel, pela totalidade dos presentes, na reuni\u00e3o extraordin\u00e1ria do dia 04/03/2026.\r\nNo PLEN\u00c1RIO: Na reuni\u00e3o ordin\u00e1ria do dia 09/03/2026, foi aprovado o parecer favor\u00e1vel da 3\u00aa Comiss\u00e3o. Projeto encaminhado \u00e0 10\u00aa Comiss\u00e3o para an\u00e1lise e emiss\u00e3o de parecer.\r\n10\u00aa COMIDETRE: Relator: Rodrigo S\u00e1 (11.03.2026 - 23.03.2026). Aprovado o parecer favor\u00e1vel, pela totalidade dos presentes, na reuni\u00e3o extraordin\u00e1ria do dia 30/03/2026.\r\nNo PLEN\u00c1RIO: Na reuni\u00e3o ordin\u00e1ria do dia 15/04/2026, foi aprovado o parecer favor\u00e1vel da 10\u00aa Comiss\u00e3o. Projeto encaminhado \u00e0 18\u00aa Comiss\u00e3o para an\u00e1lise e emiss\u00e3o de parecer.","resultado":"","texto_original":"http://sapl.cmm.am.gov.br/media/sapl/public/materialegislativa/2025/51816/pl_493_2025_ver._mitoso_capacitacao_economica.pdf","data_ultima_atualizacao":"2026-04-16T13:53:09.745579-04:00","ip":"191.189.18.113","ultima_edicao":"2026-04-16T13:52:02.167735-04:00","tipo":4,"regime_tramitacao":1,"tipo_origem_externa":null,"local_origem_externa":null,"user":13,"anexadas":[],"autores":[147,141,272,146,274,275,49,276,277,155]}