{"id":51789,"__str__":"Projeto de Lei n\u00ba 468 de 2025","metadata":{},"numero":468,"ano":2025,"numero_protocolo":null,"data_apresentacao":"2025-08-04","tipo_apresentacao":"","data_publicacao":null,"numero_origem_externa":"","ano_origem_externa":null,"data_origem_externa":null,"apelido":"","dias_prazo":null,"data_fim_prazo":null,"em_tramitacao":false,"polemica":false,"objeto":"","complementar":false,"ementa":"ALTERA a Lei n. 2.982, de 16 de dezembro de 2022, e d\u00e1 outras provid\u00eancias. Mensagem n. 64/2025.","indexacao":"ALTERA a Lei n. 2.982, de 16 de dezembro de 2022, e d\u00e1 outras provid\u00eancias. Mensagem n. 64/2025.\r\nArt. 1.\u00ba Fica alterado o item 58 da Lei n. 2.982, de 16 de dezembro de 2022, que passa a vigorar com a reda\u00e7\u00e3o conforme o Anexo \u00danico desta Lei.\r\n(Escola Municipal Prof.\u00ba Francisca Lima da Rocha).","observacao":"DELIBERA\u00c7\u00c3O: 06/08/2025. \r\nEm 06/08/2025: Segue para an\u00e1lise e emiss\u00e3o de parecer da 2a. CCJR.\r\nPROCURADORIA LEGISLATIVA: (07/08/2025-14/08/2025). Parecer Favor\u00e1vel\r\n2\u00aa CCJR: Relator: Ver. Gilmar Nascimento (13/08/2025-25/08/2025). Aprovado o parecer favor\u00e1vel, pela totalidade dos presentes, na reuni\u00e3o ordin\u00e1ria do dia 27/08/2025.\r\nNo PLEN\u00c1RIO: Na reuni\u00e3o ordin\u00e1ria do dia 03/09/2025, foi aprovado o parecer favor\u00e1vel da 2\u00aa Comiss\u00e3o. Projeto encaminhado \u00e0 3\u00aa Comiss\u00e3o para an\u00e1lise e emiss\u00e3o de parecer.\r\n3\u00aa CFEO: Relator: Ver. Marcelo Serafim (15/09/2025-23/09/2025). Parecer Favor\u00e1vel. Aprovado o parecer favor\u00e1vel, pela totalidade dos presentes, na reuni\u00e3o ordin\u00e1ria do dia 06/10/2025.\r\nNo PLEN\u00c1RIO: Na reuni\u00e3o ordin\u00e1ria do dia 13/10/2025, foi aprovado o parecer favor\u00e1vel da 3\u00aa Comiss\u00e3o. Projeto encaminhado \u00e0 4\u00aa Comiss\u00e3o para an\u00e1lise e emiss\u00e3o de parecer.\r\n4\u00aa COMED: Relator. Ver. Prof\u00ba. Samuel (14/10/2025 - 22/10/2025). Parecer Favor\u00e1vel. Aprovado o parecer favor\u00e1vel, pela totalidade dos presentes, na reuni\u00e3o extraordin\u00e1ria do dia 22/10/2025.\r\nNo PLEN\u00c1RIO: Na reuni\u00e3o ordin\u00e1ria do dia 03/11/2025, foi aprovado o parecer favor\u00e1vel da 4\u00aa Comiss\u00e3o. Projeto aprovado em 1a. discuss\u00e3o. Aguardando 2a. discuss\u00e3o na forma da lei.\r\nPara aprova\u00e7\u00e3o em 2a. discuss\u00e3o.\r\nNo PLEN\u00c1RIO: Na reuni\u00e3o ordin\u00e1ria do dia 10/11/2025, o projeto entrou em pauta para aprova\u00e7\u00e3o em 2a. discuss\u00e3o. Vota\u00e7\u00e3o suspensa por pedido de vista ao projeto concedido aos Vereadores RODRIGO GUEDES, EDUARDO ALFAIA e MARCELO SERAFIM. (Prazo: 10 a 12/11/2025, \u00e0s 12:15h).\r\nNo PLEN\u00c1RIO: Na reuni\u00e3o ordin\u00e1ria do dia 17/11/2025, o projeto foi APROVADO em 2\u00aa. discuss\u00e3o. Segue \u00e0 SAN\u00c7\u00c3O do senhor Prefeito.\r\n\r\n*PEDIDO DE VISTA:\r\n1\u00ba pedido: Ver. RODRIGO GUEDES (Prazo: 10 a 12/11/2025, \u00e0s 12:15h).\r\n2\u00ba pedido: Ver. EDUARDO ALFAIA (Prazo: 10 a 12/11/2025, \u00e0s 12:15h).\r\n3\u00ba pedido: Ver. MARCELO SERAFIM (Prazo: 10 a 12/11/2025, \u00e0s 12:15h).","resultado":"","texto_original":"http://sapl.cmm.am.gov.br/media/sapl/public/materialegislativa/2025/51789/pl_468_2025_executivo_municipal_escola_municipal_prof._francisca_lima.pdf","data_ultima_atualizacao":"2025-11-17T18:50:56.846271-04:00","ip":"191.189.17.155","ultima_edicao":"2025-11-17T18:50:12.992297-04:00","tipo":4,"regime_tramitacao":1,"tipo_origem_externa":null,"local_origem_externa":null,"user":13,"anexadas":[],"autores":[106]}