{"id":51769,"__str__":"Projeto de Lei n\u00ba 454 de 2025","metadata":{},"numero":454,"ano":2025,"numero_protocolo":null,"data_apresentacao":"2025-07-07","tipo_apresentacao":"","data_publicacao":null,"numero_origem_externa":"","ano_origem_externa":null,"data_origem_externa":null,"apelido":"","dias_prazo":null,"data_fim_prazo":null,"em_tramitacao":false,"polemica":false,"objeto":"","complementar":false,"ementa":"INSTITUI o \u201cAbril Marrom\u201d, como m\u00eas de preven\u00e7\u00e3o e combate \u00e0 cegueira, no \u00e2mbito do munic\u00edpio de Manaus e d\u00e1 outras provid\u00eancias.","indexacao":"INSTITUI o \u201cAbril Marrom\u201d, como m\u00eas de preven\u00e7\u00e3o e combate \u00e0 cegueira, no \u00e2mbito do munic\u00edpio de Manaus e d\u00e1 outras provid\u00eancias.\r\nArt. 1.\u00ba Fica institu\u00eddo, no \u00e2mbito do munic\u00edpio de Manaus, o m\u00eas \u201cAbril Marrom\u201d, a ser celebrado anualmente no m\u00eas de abril, dedicado \u00e0 preven\u00e7\u00e3o, diagn\u00f3stico precoce, conscientiza\u00e7\u00e3o e combate \u00e0s diversas causas de cegueira e defici\u00eancia visual.","observacao":"PROJETO ARQUIVADO por n\u00e3o ter sito deliberado na Sess\u00e3o Legislativa de 2025.","resultado":"","texto_original":"http://sapl.cmm.am.gov.br/media/sapl/public/materialegislativa/2025/51769/pl_454_2025_ver._prof._jacqueline_abril_marrom.pdf","data_ultima_atualizacao":"2026-01-07T12:32:05.625365-04:00","ip":"172.23.4.188","ultima_edicao":"2026-01-07T12:31:44.212012-04:00","tipo":4,"regime_tramitacao":1,"tipo_origem_externa":null,"local_origem_externa":null,"user":13,"anexadas":[],"autores":[31]}