{"id":51704,"__str__":"Projeto de Lei n\u00ba 397 de 2025","metadata":{},"numero":397,"ano":2025,"numero_protocolo":null,"data_apresentacao":"2025-06-18","tipo_apresentacao":"","data_publicacao":null,"numero_origem_externa":"","ano_origem_externa":null,"data_origem_externa":null,"apelido":"","dias_prazo":null,"data_fim_prazo":null,"em_tramitacao":true,"polemica":false,"objeto":"","complementar":false,"ementa":"DISP\u00d5E sobre a cria\u00e7\u00e3o do Programa de Academias ao Ar Livre Adaptadas para Pessoas com Defici\u00eancia no munic\u00edpio de Manaus e d\u00e1 outras provid\u00eancias.","indexacao":"DISP\u00d5E sobre a cria\u00e7\u00e3o do Programa de Academias ao Ar Livre Adaptadas para Pessoas com Defici\u00eancia no munic\u00edpio de Manaus e d\u00e1 outras provid\u00eancias.\r\nArt. 1\u00ba - Fica criado o Programa de Academias ao Ar Livre Adaptadas para Pessoas com Defici\u00eancia no munic\u00edpio de Manaus, com o objetivo de promover a inclus\u00e3o social, a sa\u00fade f\u00edsica e a qualidade de vida das pessoas com defici\u00eancia, a ser regulamentado pelo Poder Executivo Municipal.","observacao":"DELIBERA\u00c7\u00c3O: 08/09/2025. \r\nEm 08/09/2025: Segue para an\u00e1lise e emiss\u00e3o de parecer da 2a. CCJR.\r\nPROCURADORIA LEGISLATIVA (09/09/2025N - 16/09/2025). Parecer Contr\u00e1rio ao PL. Parecer favor\u00e1vel \u00e0 Emenda 001\r\n2\u00aa CCJR: Relator: Ver. Allan Campelo (06/10/2025 - 13/10/2025). Parecer Favor\u00e1vel ao PL e \u00e0 Emenda 001","resultado":"","texto_original":"http://sapl.cmm.am.gov.br/media/sapl/public/materialegislativa/2025/51704/pl_397_2025_ver._marco_castilhos_dia__programa_de_academias_ao_ar_livre.pdf","data_ultima_atualizacao":"2026-03-10T13:32:29.238229-04:00","ip":"172.23.0.249","ultima_edicao":"2026-03-10T13:31:49.094701-04:00","tipo":4,"regime_tramitacao":1,"tipo_origem_externa":null,"local_origem_externa":null,"user":31,"anexadas":[],"autores":[273]}