{"id":51625,"__str__":"Projeto de Lei n\u00ba 323 de 2025","metadata":{},"numero":323,"ano":2025,"numero_protocolo":null,"data_apresentacao":"2025-05-29","tipo_apresentacao":"","data_publicacao":null,"numero_origem_externa":"","ano_origem_externa":null,"data_origem_externa":null,"apelido":"","dias_prazo":null,"data_fim_prazo":null,"em_tramitacao":true,"polemica":false,"objeto":"","complementar":false,"ementa":"INSTITUI o \u201cDia Municipal da Cultura Evang\u00e9lica\u201d de Manaus e d\u00e1 outras provid\u00eancias.","indexacao":"INSTITUI o \u201cDia Municipal da Cultura Evang\u00e9lica\u201d de Manaus e d\u00e1 outras provid\u00eancias.\r\nArt. 1.\u00ba Fica institu\u00eddo o dia 15 de agosto como DIA MUNICIPAL DA CULTURA EVANG\u00c9LICA, a ser comemorado anualmente.","observacao":"DELIBERA\u00c7\u00c3O: 08/09/2025. \r\nEm 08/09/2025: Segue para an\u00e1lise e emiss\u00e3o de parecer da 2a. CCJR.\r\nPROCURADORIA LEGISLATIVA (09/09/2025N - 16/09/2025)","resultado":"","texto_original":"http://sapl.cmm.am.gov.br/media/sapl/public/materialegislativa/2025/51625/pl_323_2025_ver._roberto_sabino__dia_municipal_da_cultura_evangelica.pdf","data_ultima_atualizacao":"2025-09-09T12:35:55.338789-04:00","ip":"172.23.0.251","ultima_edicao":"2025-09-09T12:35:38.240949-04:00","tipo":4,"regime_tramitacao":1,"tipo_origem_externa":null,"local_origem_externa":null,"user":217,"anexadas":[],"autores":[22,23,143,272,146,274,49,149,46,41,276,45]}