{"id":51618,"__str__":"Projeto de Lei n\u00ba 316 de 2025","metadata":{},"numero":316,"ano":2025,"numero_protocolo":null,"data_apresentacao":"2025-05-28","tipo_apresentacao":"","data_publicacao":null,"numero_origem_externa":"","ano_origem_externa":null,"data_origem_externa":null,"apelido":"","dias_prazo":null,"data_fim_prazo":null,"em_tramitacao":false,"polemica":false,"objeto":"","complementar":false,"ementa":"INSTITUI a Pol\u00edtica Municipal de Promo\u00e7\u00e3o da Sa\u00fade Mental e Bem-Estar Atrav\u00e9s da Conviv\u00eancia com Animais no Munic\u00edpio de Manaus.","indexacao":"INSTITUI a Pol\u00edtica Municipal de Promo\u00e7\u00e3o da Sa\u00fade Mental e Bem-Estar Atrav\u00e9s da Conviv\u00eancia com Animais no Munic\u00edpio de Manaus.\r\nArt. 1\u00ba Fica institu\u00edda, no \u00e2mbito do Munic\u00edpio de Manaus, a Pol\u00edtica Municipal de Promo\u00e7\u00e3o da Sa\u00fade Mental e Bem-Estar Atrav\u00e9s da Conviv\u00eancia com Animais, com o objetivo de reconhecer, apoiar e estimular a\u00e7\u00f5es que valorizem o v\u00ednculo humano-animal como estrat\u00e9gia de cuidado \u00e0 sa\u00fade mental e emocional de popula\u00e7\u00f5es em situa\u00e7\u00e3o de vulnerabilidade.","observacao":"PROJETO ARQUIVADO por n\u00e3o ter sito deliberado na Sess\u00e3o Legislativa de 2025.","resultado":"","texto_original":"http://sapl.cmm.am.gov.br/media/sapl/public/materialegislativa/2025/51618/pl_316_2025_ver._aldenor_lima__promocao_da_saude_mental_e_bem-estar_convivencia_com_animais.pdf","data_ultima_atualizacao":"2025-12-29T11:51:26.949212-04:00","ip":"172.23.4.188","ultima_edicao":"2025-12-29T11:51:14.583588-04:00","tipo":4,"regime_tramitacao":1,"tipo_origem_externa":null,"local_origem_externa":null,"user":13,"anexadas":[],"autores":[269]}