{"id":51583,"__str__":"Projeto de Lei n\u00ba 287 de 2025","metadata":{},"numero":287,"ano":2025,"numero_protocolo":null,"data_apresentacao":"2025-05-26","tipo_apresentacao":"","data_publicacao":null,"numero_origem_externa":"","ano_origem_externa":null,"data_origem_externa":null,"apelido":"","dias_prazo":null,"data_fim_prazo":null,"em_tramitacao":true,"polemica":false,"objeto":"","complementar":false,"ementa":"DISP\u00d5E sobre a institui\u00e7\u00e3o de Faixa Liberada na via Professor Samuel Benchimol, ao longo de parte do Passeio do Mindu, na forma de especifica, e d\u00e1 outras provid\u00eancias.","indexacao":"DISP\u00d5E sobre a institui\u00e7\u00e3o de Faixa Liberada na via Professor Samuel Benchimol, ao longo de parte do Passeio do Mindu, na forma de especifica, e d\u00e1 outras provid\u00eancias.\r\nArt. 1.\u00ba Institui a \u201cfaixa liberada\u201d, na via Professor Samuel Benchimol, ao longo do \u201cPasseio do Mindu\u201d, localizado no Bairro Parque Dez, no trecho cujo tr\u00e1fego de ve\u00edculos compreende entre a al\u00e7a vi\u00e1ria entre a Av. Umberto Calderaro e a Av. M\u00e1rio Ypiranga.","observacao":"DELIBERA\u00c7\u00c3O: 02/06/2025. \r\nEm 02/06/2025: Segue para an\u00e1lise e emiss\u00e3o de parecer da 2a. CCJR.\r\nPROCURADORIA LEGISLATIVA: 05/06/2025-12/06/2025. Parecer contr\u00e1rio\r\n2\u00aa CCJR: Relator: Ver. Kennedy Marques Protetor  (25.06.2025 - 07.07.2025)","resultado":"","texto_original":"http://sapl.cmm.am.gov.br/media/sapl/public/materialegislativa/2025/51583/pl_287_2025_ver._rodrigo_guedes_faixa_liberada__via_professor_samuel_benchimol.pdf","data_ultima_atualizacao":"2026-02-13T11:25:56.879823-04:00","ip":"172.23.0.248","ultima_edicao":"2026-02-13T11:25:56.744582-04:00","tipo":4,"regime_tramitacao":1,"tipo_origem_externa":null,"local_origem_externa":null,"user":218,"anexadas":[],"autores":[150]}