{"id":51565,"__str__":"Projeto de Lei n\u00ba 272 de 2025","metadata":{},"numero":272,"ano":2025,"numero_protocolo":null,"data_apresentacao":"2025-05-22","tipo_apresentacao":"","data_publicacao":null,"numero_origem_externa":"","ano_origem_externa":null,"data_origem_externa":null,"apelido":"","dias_prazo":null,"data_fim_prazo":null,"em_tramitacao":true,"polemica":false,"objeto":"","complementar":false,"ementa":"Institui no Calend\u00e1rio Oficial do Munic\u00edpio de Manaus o Dia do Oficial da Reserva (R/2) do Ex\u00e9rcito Brasileiro, a ser comemorado anualmente no dia 04 de novembro.","indexacao":"Institui no Calend\u00e1rio Oficial do Munic\u00edpio de Manaus o Dia do Oficial da Reserva (R/2) do Ex\u00e9rcito Brasileiro, a ser comemorado anualmente no dia 04 de novembro.\r\nArt. 1\u00ba - Fica institu\u00eddo no Calend\u00e1rio Oficial do Munic\u00edpio de Manaus o Dia do Oficial da Reserva (R/2) do Ex\u00e9rcito Brasileiro, a ser comemorado anualmente no dia 04 de novembro.","observacao":"DELIBERA\u00c7\u00c3O: 15/09/2025. \r\nEm 15/09/2025: Segue para an\u00e1lise e emiss\u00e3o de parecer da 2a. CCJR.\r\nPROCURADORIA LEGISLATIVA: (22/09/2025 - 06/10/2025). Parecer Favor\u00e1vel\r\n2\u00aa CCJR: Relator: Ver. Gilmar Nascimento (06/04/2026-14/04/2026)","resultado":"","texto_original":"http://sapl.cmm.am.gov.br/media/sapl/public/materialegislativa/2025/51565/pl_272_2025_ver._coronel_rosses_dia_do_oficial_da_reserva.pdf","data_ultima_atualizacao":"2026-04-06T11:59:21.608321-04:00","ip":"172.23.0.249","ultima_edicao":"2026-04-06T11:59:21.513088-04:00","tipo":4,"regime_tramitacao":1,"tipo_origem_externa":null,"local_origem_externa":null,"user":31,"anexadas":[],"autores":[270,271]}