{"id":51553,"__str__":"Projeto de Lei n\u00ba 260 de 2025","metadata":{},"numero":260,"ano":2025,"numero_protocolo":null,"data_apresentacao":"2025-05-19","tipo_apresentacao":"","data_publicacao":null,"numero_origem_externa":"","ano_origem_externa":null,"data_origem_externa":null,"apelido":"","dias_prazo":null,"data_fim_prazo":null,"em_tramitacao":true,"polemica":false,"objeto":"","complementar":false,"ementa":"INSTITUI o Programa Municipal de Aten\u00e7\u00e3o e Orienta\u00e7\u00e3o \u00e0s M\u00e3es At\u00edpicas no Munic\u00edpio de Manaus, e d\u00e1 outras provid\u00eancias.","indexacao":"INSTITUI o Programa Municipal de Aten\u00e7\u00e3o e Orienta\u00e7\u00e3o \u00e0s M\u00e3es At\u00edpicas no Munic\u00edpio de Manaus, e d\u00e1 outras provid\u00eancias.\r\nArt. 1\u00ba Fica institu\u00eddo, no \u00e2mbito do Munic\u00edpio de Manaus, o Programa Municipal de Aten\u00e7\u00e3o e Orienta\u00e7\u00e3o \u00e0s M\u00e3es At\u00edpicas, com o objetivo de promover a\u00e7\u00f5es intersetoriais de acolhimento, valoriza\u00e7\u00e3o e orienta\u00e7\u00e3o \u00e0s mulheres respons\u00e1veis pelo cuidado de pessoas com defici\u00eancia, doen\u00e7as raras ou transtornos do desenvolvimento.","observacao":"DELIBERA\u00c7\u00c3O: 18/06/2025. \r\nEm 18/06/2025: Segue para an\u00e1lise e emiss\u00e3o de parecer da 2a. CCJR.\r\nPROCURADORIA LEGISLATIVA: (04/08/2025 - 11/08/2025). Parecer Contr\u00e1rio\r\n2\u00aa CCJR: Relator - Ver\u00aa. Prof\u00aa. Jacqueline (08/09/2025 - 16/09/2025).  Parecer favor\u00e1vel.","resultado":"","texto_original":"http://sapl.cmm.am.gov.br/media/sapl/public/materialegislativa/2025/51553/pl_260_2025_ver._eurico_tavares_programa_maes_atipicas.pdf","data_ultima_atualizacao":"2025-09-22T13:17:59.731242-04:00","ip":"172.23.1.59","ultima_edicao":"2025-09-22T13:17:42.115118-04:00","tipo":4,"regime_tramitacao":1,"tipo_origem_externa":null,"local_origem_externa":null,"user":31,"anexadas":[],"autores":[137,139,271,273,146,274,149,46,41,276,277,152,155]}