{"id":51514,"__str__":"Projeto de Lei n\u00ba 223 de 2025","metadata":{},"numero":223,"ano":2025,"numero_protocolo":null,"data_apresentacao":"2025-04-28","tipo_apresentacao":"","data_publicacao":null,"numero_origem_externa":"","ano_origem_externa":null,"data_origem_externa":null,"apelido":"","dias_prazo":null,"data_fim_prazo":null,"em_tramitacao":false,"polemica":false,"objeto":"","complementar":false,"ementa":"CONSIDERA de Utilidade P\u00fablica ao Instituto Benfazer - IBEN.","indexacao":"CONSIDERA de Utilidade P\u00fablica ao Instituto Benfazer - IBEN.\r\nArt. 1.\u00ba Fica considerada de Utilidade P\u00fablica Municipal ao Instituto Benfazer - IBEN, associa\u00e7\u00e3o civil de direito privado, sem fins lucrativos, que atua na inclus\u00e3o social e apoio a fam\u00edlia, inscrita no Cadastro Nacional de Pessoa Jur\u00eddica (CNPJ) sob o n. 14.656.796/0001-40, com sede e foro na cidade de Manaus, na Rua das Cacimbas, 10, S\u00e3o Raimundo \u2013 Manaus / AM, CEP 69.027-290.","observacao":"NO PLEN\u00c1RIO: Na reuni\u00e3o ordin\u00e1ria de 19/05/2025, o Projeto entrou na pauta para delibera\u00e7\u00e3o, mas n\u00e3o foi deliberado devido \u00e0 aus\u00eancia do autor. Aguarda pr\u00f3xima inclus\u00e3o em pauta.\r\nDELIBERA\u00c7\u00c3O: 02/06/2025. \r\nEm 02/06/2025: Segue para an\u00e1lise e emiss\u00e3o de parecer da 2a. CCJR.\r\nPROCURADORIA LEGISLATIVA: 17/06/2025-26/06/2025. Parecer Favor\u00e1vel.\r\n2\u00aa CCJR: Relator: Ver. Eduardo Alfaia (08/09/2025-16/09/2025). Parecer Favor\u00e1vel. Aprovado o parecer favor\u00e1vel, pela totalidade dos presentes, na reuni\u00e3o ordin\u00e1ria do dia 01/10/2025.\r\nNo PLEN\u00c1RIO: Na reuni\u00e3o ordin\u00e1ria do dia 06/10/2025, foi aprovado o parecer favor\u00e1vel da 2\u00aa Comiss\u00e3o. Projeto encaminhado \u00e0 11\u00aa Comiss\u00e3o para an\u00e1lise e emiss\u00e3o de parecer.\r\nNa 11 \u00aa COMASLEP - Relator: Vereador Rodrigo S\u00e1 (03/11/2025 a 11/11/205). Parecer Favor\u00e1vel. Aprovado o parecer favor\u00e1vel pela totalidade dos membros, na reuni\u00e3o extraordin\u00e1ria do dia 26/11/2025.\r\nNo PLEN\u00c1RIO: Na reuni\u00e3o ordin\u00e1ria do dia 01/12/2025, foi aprovado o parecer favor\u00e1vel da 11\u00aa Comiss\u00e3o. Projeto aprovado em 1a. discuss\u00e3o. Aguardando 2a. discuss\u00e3o na forma da lei.\r\nNo PLEN\u00c1RIO: Na reuni\u00e3o ordin\u00e1ria do dia 03/12/2025, o projeto foi APROVADO em 2\u00aa. discuss\u00e3o. Segue \u00e0 SAN\u00c7\u00c3O do senhor Prefeito.","resultado":"","texto_original":"http://sapl.cmm.am.gov.br/media/sapl/public/materialegislativa/2025/51514/pl_223_2025_ver._rodinei_ramos_utilidade_publica_instituto_benfazer_iben.pdf","data_ultima_atualizacao":"2025-12-04T09:52:05.822957-04:00","ip":"172.23.4.188","ultima_edicao":"2025-12-04T09:51:14.865727-04:00","tipo":4,"regime_tramitacao":1,"tipo_origem_externa":null,"local_origem_externa":null,"user":13,"anexadas":[],"autores":[13,4,10,49,46,41,276]}