{"id":51510,"__str__":"Projeto de Lei n\u00ba 219 de 2025","metadata":{},"numero":219,"ano":2025,"numero_protocolo":null,"data_apresentacao":"2025-04-28","tipo_apresentacao":"","data_publicacao":null,"numero_origem_externa":"","ano_origem_externa":null,"data_origem_externa":null,"apelido":"","dias_prazo":null,"data_fim_prazo":null,"em_tramitacao":true,"polemica":false,"objeto":"","complementar":false,"ementa":"ALTERA a Lei n. 3.356, de 03 de julho de 2024, que INSTITUI prioridade na matr\u00edcula em creches da rede de ensino municipal \u00e0s crian\u00e7as com defici\u00eancia e d\u00e1 outras provid\u00eancias.","indexacao":"ALTERA a Lei n. 3.356, de 03 de julho de 2024, que INSTITUI prioridade na matr\u00edcula em creches da rede de ensino municipal \u00e0s crian\u00e7as com defici\u00eancia e d\u00e1 outras provid\u00eancias.\r\nArt. 1.\u00ba Fica alterado o art. 1.\u00ba da Lei n. 3.356, de 03 de julho de 2024, que passar\u00e1 a ter a seguinte reda\u00e7\u00e3o:\r\nArt. 1.\u00ba As crian\u00e7as com defici\u00eancia, Transtorno de D\u00e9ficit de Aten\u00e7\u00e3o - TDAH, hiperatividade, com atraso no desenvolvimento e com doen\u00e7as raras ter\u00e3o prioridade sobre os demais para a matr\u00edcula em creches e em pr\u00e9-escolas geridas pelo munic\u00edpio de Manaus.","observacao":"DELIBERA\u00c7\u00c3O: 24/06/2025. \r\nEm 24/06/2025: Segue para an\u00e1lise e emiss\u00e3o de parecer da 2a. CCJR.\r\nPROCURADORIA LEGISLATIVA: (04/08/2025 - 11/08/2025). Parecer Contr\u00e1rio\r\n2\u00aa CCJR: Relator: Ver. Kennedy Marques Protetor (28/04/2026-06/05/2026). Parecer Favor\u00e1vel.","resultado":"","texto_original":"http://sapl.cmm.am.gov.br/media/sapl/public/materialegislativa/2025/51510/pl_219_2025_ver._joelson_silva_altera_lei_n._3.356_de_3_de_jul_de_2024_prioridade_matricula.pdf","data_ultima_atualizacao":"2026-06-18T13:52:47.193926-04:00","ip":"172.23.0.249","ultima_edicao":"2026-06-18T13:52:06.529296-04:00","tipo":4,"regime_tramitacao":1,"tipo_origem_externa":null,"local_origem_externa":null,"user":31,"anexadas":[],"autores":[23,272,273,274,275,149,276,278]}