{"id":51462,"__str__":"Projeto de Lei n\u00ba 177 de 2025","metadata":{},"numero":177,"ano":2025,"numero_protocolo":null,"data_apresentacao":"2025-04-14","tipo_apresentacao":"","data_publicacao":null,"numero_origem_externa":"","ano_origem_externa":null,"data_origem_externa":null,"apelido":"","dias_prazo":null,"data_fim_prazo":null,"em_tramitacao":true,"polemica":false,"objeto":"","complementar":false,"ementa":"Disp\u00f5e sobre a proibi\u00e7\u00e3o da contrata\u00e7\u00e3o de shows e eventos festivos com recursos p\u00fablicos no munic\u00edpio de Manaus em per\u00edodos de chuvas fortes ou situa\u00e7\u00f5es emergenciais.","indexacao":"Disp\u00f5e sobre a proibi\u00e7\u00e3o da contrata\u00e7\u00e3o de shows e eventos festivos com recursos p\u00fablicos no munic\u00edpio de Manaus em per\u00edodos de chuvas fortes ou situa\u00e7\u00f5es emergenciais. \r\nArt. 1\u00ba Fica vedada a contrata\u00e7\u00e3o de shows art\u00edsticos, eventos festivos e demais festividades custeadas com recursos p\u00fablicos nos seguintes casos:\r\nI - quando for reconhecida no munic\u00edpio situa\u00e7\u00e3o de emerg\u00eancia, especialmente em raz\u00e3o de desastres naturais, como enchentes devido \u00e0s fortes\r\nchuvas, deslizamentos e secas;\r\nII \u2013 em virtude da ocorr\u00eancia de alagamentos, deslizamentos ou desastres naturais registrados pela defesa civil pelo per\u00edodo de 30 dias.","observacao":"DELIBERA\u00c7\u00c3O: 19/05/2025. \r\nEm 19/05/2025: Segue para an\u00e1lise e emiss\u00e3o de parecer da 2a. CCJR.\r\nPROCURADORIA LEGISLATIVA: 30/05/2025-06/06/2025. Parecer Contr\u00e1rio.\r\n2\u00aa CCJR: Relator: Ver. Kennedy Marques Protetor (08/09/2025-16/09/2025).\r\n\r\n* PL retirado de tramita\u00e7\u00e3o pelo autor, conforme Memorando n\u00ba 05/2026\u2013 GVCC/CMM, de 11/02/2026.","resultado":"","texto_original":"http://sapl.cmm.am.gov.br/media/sapl/public/materialegislativa/2025/51462/pl_177_2025_ver._capitao_carpe__proibicao_de_shows_situacoes_de_emergencia.pdf","data_ultima_atualizacao":"2026-02-19T10:30:23.175015-04:00","ip":"172.23.0.249","ultima_edicao":"2026-02-19T10:28:44.950117-04:00","tipo":4,"regime_tramitacao":1,"tipo_origem_externa":null,"local_origem_externa":null,"user":31,"anexadas":[],"autores":[140]}