{"id":51442,"__str__":"Projeto de Lei n\u00ba 163 de 2025","metadata":{},"numero":163,"ano":2025,"numero_protocolo":null,"data_apresentacao":"2025-04-08","tipo_apresentacao":"","data_publicacao":null,"numero_origem_externa":"","ano_origem_externa":null,"data_origem_externa":null,"apelido":"","dias_prazo":null,"data_fim_prazo":null,"em_tramitacao":true,"polemica":false,"objeto":"","complementar":false,"ementa":"INSTITUI a Semana Municipal \"Cadeia para Maus-Tratos\" no munic\u00edpio de Manaus, e d\u00e1 outras provid\u00eancias.","indexacao":"INSTITUI a Semana Municipal \"Cadeia para Maus-Tratos\" no munic\u00edpio de Manaus, e d\u00e1 outras provid\u00eancias.\r\nArt. 1\u00ba Fica institu\u00edda, no \u00e2mbito do Munic\u00edpio de Manaus, a Semana Municipal \"Cadeia para Maus-Tratos\", a ser realizada anualmente na segunda semana do m\u00eas de mar\u00e7o, com o objetivo de promover a conscientiza\u00e7\u00e3o, a educa\u00e7\u00e3o e o incentivo \u00e0 den\u00fancia de crimes de maus-tratos contra animais.","observacao":"DELIBERA\u00c7\u00c3O: 02/06/2025. \r\nEm 02/06/2025: Segue para an\u00e1lise e emiss\u00e3o de parecer da 2a. CCJR.\r\nPROCURADORIA LEGISLATIVA: 17/06/2025-26/06/2025. Parecer Favor\u00e1vel.\r\n2\u00aa CCJR: Relator: Ver. Eduardo Alfaia (09/09/2025-17/09/2025). Redesignado relator, conforme Art. 61, \u00a75\u00ba. \r\n2\u00aa CCJR: Relator: Ver. Allan Campelo (24/03/2026-01/04/2026)","resultado":"","texto_original":"http://sapl.cmm.am.gov.br/media/sapl/public/materialegislativa/2025/51442/pl_163_2025_ver._aldenor_lima_semana_cadeia_para_maus_tratos.pdf","data_ultima_atualizacao":"2026-03-24T11:15:30.788671-04:00","ip":"172.23.0.249","ultima_edicao":"2026-03-24T11:14:53.100816-04:00","tipo":4,"regime_tramitacao":1,"tipo_origem_externa":null,"local_origem_externa":null,"user":31,"anexadas":[],"autores":[269,276]}