{"id":51431,"__str__":"Projeto de Lei n\u00ba 154 de 2025","metadata":{},"numero":154,"ano":2025,"numero_protocolo":null,"data_apresentacao":"2025-04-07","tipo_apresentacao":"","data_publicacao":null,"numero_origem_externa":"","ano_origem_externa":null,"data_origem_externa":null,"apelido":"","dias_prazo":null,"data_fim_prazo":null,"em_tramitacao":true,"polemica":false,"objeto":"","complementar":false,"ementa":"DISP\u00d5E sobre a inclus\u00e3o da tem\u00e1tica de Educa\u00e7\u00e3o Clim\u00e1tica no programa de ensino das escolas da rede p\u00fablica municipal de Manaus.","indexacao":"DISP\u00d5E sobre a inclus\u00e3o da tem\u00e1tica de Educa\u00e7\u00e3o Clim\u00e1tica no programa de ensino das escolas da rede p\u00fablica municipal de Manaus.\r\nArt. 1\u00ba Fica inclu\u00edda a tem\u00e1tica de Educa\u00e7\u00e3o Clim\u00e1tica no programa de ensino das escolas da rede p\u00fablica municipal de Manaus, sendo ministrada de forma transversal e multidisciplinar nas diversas disciplinas que comp\u00f5em a grade curricular.","observacao":"NO PLEN\u00c1RIO: Na reuni\u00e3o ordin\u00e1ria de 05/05/2025, o Projeto entrou na pauta para delibera\u00e7\u00e3o, mas n\u00e3o foi deliberado devido \u00e0 aus\u00eancia do autor. Aguarda pr\u00f3xima inclus\u00e3o em pauta.\r\nDELIBERA\u00c7\u00c3O: 12/05/2025. \r\nEm 12/05/2025: Segue para an\u00e1lise e emiss\u00e3o de parecer da 2a. CCJR.\r\nPROCURADORIA LEGISLATIVA: 13/05/2025-20/05/2025. Parecer Contr\u00e1rio.\r\n2\u00aa CCJR: Relator: Ver. Allan Campelo (19/08/2025-27/08/2025). Parecer Contr\u00e1rio. Aprovado o parecer contr\u00e1rio, pela totalidade dos presentes, na reuni\u00e3o ordin\u00e1ria do dia 22/10/2025.\r\nNo PLEN\u00c1RIO: Na reuni\u00e3o ordin\u00e1ria do dia 25/02/2026, foi aprovado o parecer favor\u00e1vel da 2\u00aa Comiss\u00e3o. Projeto encaminhado \u00e0 3\u00aa Comiss\u00e3o para an\u00e1lise e emiss\u00e3o de parecer.\r\n3\u00aa CFEO: Relator: ver. Mitoso (09/03/2026-17/03/2026). Aguardando elabora\u00e7\u00e3o de parecer do relator.","resultado":"","texto_original":"http://sapl.cmm.am.gov.br/media/sapl/public/materialegislativa/2025/51431/pl_154_2025_ver._aldenor_lima_educacao_climatica.pdf","data_ultima_atualizacao":"2026-03-09T11:45:22.247280-04:00","ip":"172.23.0.186","ultima_edicao":"2026-03-09T11:45:22.136211-04:00","tipo":4,"regime_tramitacao":1,"tipo_origem_externa":null,"local_origem_externa":null,"user":172,"anexadas":[],"autores":[269]}