{"id":51414,"__str__":"Projeto de Lei n\u00ba 137 de 2025","metadata":{},"numero":137,"ano":2025,"numero_protocolo":null,"data_apresentacao":"2025-04-02","tipo_apresentacao":"","data_publicacao":null,"numero_origem_externa":"","ano_origem_externa":null,"data_origem_externa":null,"apelido":"","dias_prazo":null,"data_fim_prazo":null,"em_tramitacao":true,"polemica":false,"objeto":"","complementar":false,"ementa":"INCLUI no calend\u00e1rio oficial de eventos da cidade de Manaus o Anivers\u00e1rio do Bairro do Japiim.","indexacao":"INCLUI no calend\u00e1rio oficial de eventos da cidade de Manaus o Anivers\u00e1rio do Bairro do Japiim.\r\nArt. 1\u00ba - Fica inclu\u00eddo no calend\u00e1rio oficial de eventos da Cidade de Manaus o Anivers\u00e1rio de Funda\u00e7\u00e3o do Bairro do Japiim, comemorado no dia 31 de mar\u00e7o.","observacao":"DELIBERA\u00c7\u00c3O: 19/05/2025. \r\nEm 19/05/2025: Segue para an\u00e1lise e emiss\u00e3o de parecer da 2a. CCJR.\r\nPROCURADORIA LEGISLATIVA: 30/05/2025-06/06/2025. Parecer Favor\u00e1vel\r\n2\u00aa CCJR: Relator: Ver. Gilmar Nascimento (03/03/2026-10/03/2026) Parecer Favor\u00e1vel. Aprovado o parecer favor\u00e1vel, pela totalidade dos presentes, na reuni\u00e3o ordin\u00e1ria do dia 04/03/2026.","resultado":"","texto_original":"http://sapl.cmm.am.gov.br/media/sapl/public/materialegislativa/2025/51414/pl_137_2025_ver._diego_afonso_calendario_aniversario_japiim.pdf","data_ultima_atualizacao":"2026-03-06T10:49:59.442974-04:00","ip":"172.23.0.226","ultima_edicao":"2026-03-05T09:08:09.142958-04:00","tipo":4,"regime_tramitacao":1,"tipo_origem_externa":null,"local_origem_externa":null,"user":208,"anexadas":[],"autores":[13,271,22,49,41,278]}