{"id":51364,"__str__":"Projeto de Lei n\u00ba 92 de 2025","metadata":{},"numero":92,"ano":2025,"numero_protocolo":null,"data_apresentacao":"2025-03-18","tipo_apresentacao":"","data_publicacao":null,"numero_origem_externa":"","ano_origem_externa":null,"data_origem_externa":null,"apelido":"","dias_prazo":null,"data_fim_prazo":null,"em_tramitacao":true,"polemica":false,"objeto":"","complementar":false,"ementa":"DISP\u00d5E sobre a permiss\u00e3o do ingresso e perman\u00eancia de pessoas com doen\u00e7a cel\u00edaca, portando alimentos para consumo pr\u00f3prio em eventos esportivos, institucionais, culturais ou de lazer realizados no \u00e2mbito do munic\u00edpio de Manaus.","indexacao":"DISP\u00d5E sobre a permiss\u00e3o do ingresso e perman\u00eancia de pessoas com doen\u00e7a cel\u00edaca, portando alimentos para consumo pr\u00f3prio em eventos esportivos, institucionais, culturais ou de lazer realizados no \u00e2mbito do munic\u00edpio de Manaus.\r\nArt. 1\u00ba Fica garantido o direito de ingresso e perman\u00eancia de pessoas com doen\u00e7a cel\u00edaca em eventos esportivos, institucionais, culturais ou de lazer realizados no munic\u00edpio de Manaus, portando alimentos para consumo pr\u00f3prio.","observacao":"NO PLEN\u00c1RIO: Na reuni\u00e3o ordin\u00e1ria de 23/04/2025, o Projeto entrou na pauta para delibera\u00e7\u00e3o, mas n\u00e3o foi deliberado devido \u00e0 aus\u00eancia do autor. Aguarda pr\u00f3xima inclus\u00e3o em pauta.\r\nDELIBERA\u00c7\u00c3O: 12/05/2025. \r\nEm 12/05/2025: Segue para an\u00e1lise e emiss\u00e3o de parecer da 2a. CCJR.\r\nPROCURADORIA LEGISLATIVA: 13/05/2025-20/05/2025\r\n2\u00aa CCJR: Relator: Ver. Allan Campelo (18/06/2025-30/06/2025)","resultado":"","texto_original":"http://sapl.cmm.am.gov.br/media/sapl/public/materialegislativa/2025/51364/pl_092_2025_ver_eduardo_assis_ingresso_e_permanencia_de_pessoas_com_doenca_celiaca.pdf","data_ultima_atualizacao":"2025-06-18T15:57:48.292972-04:00","ip":"172.23.1.59","ultima_edicao":"2025-06-18T15:57:21.280455-04:00","tipo":4,"regime_tramitacao":1,"tipo_origem_externa":null,"local_origem_externa":null,"user":31,"anexadas":[],"autores":[269,147,139,271,142,272,274,46,276,155]}