{"id":51360,"__str__":"Projeto de Lei n\u00ba 88 de 2025","metadata":{},"numero":88,"ano":2025,"numero_protocolo":null,"data_apresentacao":"2025-03-18","tipo_apresentacao":"","data_publicacao":null,"numero_origem_externa":"","ano_origem_externa":null,"data_origem_externa":null,"apelido":"","dias_prazo":null,"data_fim_prazo":null,"em_tramitacao":true,"polemica":false,"objeto":"","complementar":false,"ementa":"Altera a lei n.\u00b0 536, de 27 de abril de 2023 que INSTITUI a obrigatoriedade de instala\u00e7\u00e3o de c\u00e2meras de monitoramento em cl\u00ednicas p\u00fablicas e privadas que tratem de pessoas com defici\u00eancia no munic\u00edpio de Manaus e d\u00e1 outras provid\u00eancias.","indexacao":"Altera a lei n.\u00b0 536, de 27 de abril de 2023 que INSTITUI a obrigatoriedade de instala\u00e7\u00e3o de c\u00e2meras de monitoramento em cl\u00ednicas p\u00fablicas e privadas que tratem de pessoas com defici\u00eancia no munic\u00edpio de Manaus e d\u00e1 outras provid\u00eancias.\r\nArt.1.\u00ba - Ficam alterados o caput dos arts. 3\u00ba e 4\u00ba da Lei n\u00ba 536, de 27 de abril de 2023, renomeado o par\u00e1grafo \u00fanico e inclu\u00eddos os \u00a7\u00a7 2\u00ba e 3\u00ba no art. 4\u00ba, que passam a vigorar com a seguinte reda\u00e7\u00e3o:","observacao":"DELIBERA\u00c7\u00c3O: 09/04/2025. \r\nEm 09/04/2025: Segue para an\u00e1lise e emiss\u00e3o de parecer da 2a. CCJR.\r\nPROCURADORIA: 10/04/2025-22/04/202. Parecer Contr\u00e1rio.\r\n* Projeto recebeu Emenda 001, de autoria do vereador Rodrigo Guedes, no dia 10/04/2025.\r\n2\u00aa CCJR: Relator: Ver\u00aa. Prof. Jacqueline (23/04/2025-05/05/2025). Parecer Favor\u00e1vel ao Projeto e \u00e0 emenda 001. Aprovado o parecer favor\u00e1vel ao projeto e rejeitado o parecer favor\u00e1vel \u00e0 Emenda 001, pela totalidade dos presentes, na reuni\u00e3o ordin\u00e1ria do dia 15/05/2025. Sendo designado o vereador Allan Campelo para redigir o parecer da comiss\u00e3o.\r\n*EMENDA rejeitada na CCJR.\r\nNo PLEN\u00c1RIO: Na reuni\u00e3o ordin\u00e1ria do dia 15/04/2026, foi aprovado o parecer favor\u00e1vel da 2\u00aa Comiss\u00e3o. Projeto encaminhado \u00e0 3\u00aa Comiss\u00e3o para an\u00e1lise e emiss\u00e3o de parecer.","resultado":"","texto_original":"http://sapl.cmm.am.gov.br/media/sapl/public/materialegislativa/2025/51360/pl_088_2025_ver_thaysa_lippy_altera_a_lei_n._536_de_27_4_2023.pdf","data_ultima_atualizacao":"2026-04-16T13:47:30.436493-04:00","ip":"191.189.18.113","ultima_edicao":"2026-04-16T13:45:49.746943-04:00","tipo":4,"regime_tramitacao":1,"tipo_origem_externa":null,"local_origem_externa":null,"user":13,"anexadas":[],"autores":[137,139,271,22,272,144,273,146,274,275,49,149,150,277,47,278,152,155]}