{"id":51355,"__str__":"Projeto de Lei n\u00ba 83 de 2025","metadata":{},"numero":83,"ano":2025,"numero_protocolo":null,"data_apresentacao":"2025-03-14","tipo_apresentacao":"","data_publicacao":null,"numero_origem_externa":"","ano_origem_externa":null,"data_origem_externa":null,"apelido":"","dias_prazo":null,"data_fim_prazo":null,"em_tramitacao":true,"polemica":false,"objeto":"","complementar":false,"ementa":"Institui a Pol\u00edtica de Monitoriza\u00e7\u00e3o Cont\u00ednua da Glicose em crian\u00e7as entre 04 a 12 anos no Munic\u00edpio de Manaus e d\u00e1 outras provid\u00eancias","indexacao":"Institui a Pol\u00edtica de Monitoriza\u00e7\u00e3o Cont\u00ednua da Glicose em crian\u00e7as entre 04 a 12 anos no Munic\u00edpio de Manaus e d\u00e1 outras provid\u00eancias.\r\nArt. 1\u00ba. Esta Lei institui a Politica de Monitoriza\u00e7\u00e3o Cont\u00ednua da Glicose, o qual promover\u00e1 a disponibiliza\u00e7\u00e3o e fornecimento do sensor de monitoriza\u00e7\u00e3o da glicose em crian\u00e7as entre 04 a 12 anos do Munic\u00edpio Manaus que se enquadrem nos requisitos estabelecidos nesta Lei.","observacao":"DELIBERA\u00c7\u00c3O: 25/03/2025. \r\nEm 25/03/2025: Segue para an\u00e1lise e emiss\u00e3o de parecer da 2a. CCJR.\r\nPROCURADORIA LEGISLATIVA: 26/03/2025-07/04/2025. Parecer contr\u00e1rio.\r\n2\u00aa CCJR: Relator: Ver. Eduardo Alfaia (09/04/2025-22/04/2025). Aprovado o parecer favor\u00e1vel, pela totalidade dos presentes, na reuni\u00e3o ordin\u00e1ria do dia 01/04/2026.\r\nNo PLEN\u00c1RIO: Na reuni\u00e3o ordin\u00e1ria do dia 29/04/2026, o projeto entrou em pauta para aprova\u00e7\u00e3o do parecer favor\u00e1vel da 2\u00aa Comiss\u00e3o, mas n\u00e3o foi apreciado devido \u00e0 aus\u00eancia do autor. Aguarda pr\u00f3xima inclus\u00e3o em pauta.","resultado":"","texto_original":"http://sapl.cmm.am.gov.br/media/sapl/public/materialegislativa/2025/51355/pl_083_2025_ver_gilmar_nascimento_monitorizacao_glicose_em_criancas.pdf","data_ultima_atualizacao":"2026-04-30T09:17:28.220130-04:00","ip":"172.23.4.204","ultima_edicao":"2026-04-30T09:16:51.695773-04:00","tipo":4,"regime_tramitacao":1,"tipo_origem_externa":null,"local_origem_externa":null,"user":13,"anexadas":[],"autores":[10]}