{"id":51354,"__str__":"Projeto de Lei n\u00ba 82 de 2025","metadata":{},"numero":82,"ano":2025,"numero_protocolo":null,"data_apresentacao":"2025-03-14","tipo_apresentacao":"","data_publicacao":null,"numero_origem_externa":"","ano_origem_externa":null,"data_origem_externa":null,"apelido":"","dias_prazo":null,"data_fim_prazo":null,"em_tramitacao":true,"polemica":false,"objeto":"","complementar":false,"ementa":"INSTITUI o Dia Municipal da Pessoa com Doen\u00e7a Pulmonar Obstrutiva Cr\u00f4nica, e d\u00e1 outras provid\u00eancias.","indexacao":"INSTITUI o Dia Municipal da Pessoa com Doen\u00e7a Pulmonar Obstrutiva Cr\u00f4nica, e d\u00e1 outras provid\u00eancias.\r\nArt. 1.\u00ba Fica institu\u00eddo o Dia Municipal da Pessoa com Doen\u00e7a Pulmonar Obstrutiva Cr\u00f4nica (DPOC) a ser comemorado anualmente no dia 12 de agosto.","observacao":"DELIBERA\u00c7\u00c3O: 19/05/2025. \r\nEm 19/05/2025: Segue para an\u00e1lise e emiss\u00e3o de parecer da 2a. CCJR.\r\nPROCURADORIA LEGISLATIVA: 30/05/2025-06/06/2025. Parecer Favor\u00e1vel.\r\n2\u00aa CCJR: Relator: Ver. Thaysa Lippy (08/09/2025-16/09/2025). Parecer Favor\u00e1vel. Aprovado o parecer favor\u00e1vel, pela totalidade dos presentes, na reuni\u00e3o ordin\u00e1ria do dia 03/06/2026.","resultado":"","texto_original":"http://sapl.cmm.am.gov.br/media/sapl/public/materialegislativa/2025/51354/pl_082_2025_ver_ivo_neto_dia_pessoa_com_doenca_pulmonar_obstrutiva.pdf","data_ultima_atualizacao":"2026-06-08T09:36:24.138975-04:00","ip":"172.23.0.169","ultima_edicao":"2026-06-08T09:15:35.139272-04:00","tipo":4,"regime_tramitacao":1,"tipo_origem_externa":null,"local_origem_externa":null,"user":208,"anexadas":[],"autores":[141]}