{"id":51290,"__str__":"Projeto de Lei n\u00ba 25 de 2025","metadata":{},"numero":25,"ano":2025,"numero_protocolo":28,"data_apresentacao":"2025-02-17","tipo_apresentacao":"","data_publicacao":null,"numero_origem_externa":"","ano_origem_externa":null,"data_origem_externa":null,"apelido":"","dias_prazo":null,"data_fim_prazo":null,"em_tramitacao":true,"polemica":false,"objeto":"","complementar":false,"ementa":"Disp\u00f5e sobre a isen\u00e7\u00e3o do pagamento da taxa de inscri\u00e7\u00e3o em concursos p\u00fablicos e processos seletivos municipais para pessoas com defici\u00eancia no \u00e2mbito do Munic\u00edpio de Manaus e d\u00e1 outras provid\u00eancias.","indexacao":"Disp\u00f5e sobre a isen\u00e7\u00e3o do pagamento da taxa de inscri\u00e7\u00e3o em concursos p\u00fablicos e processos seletivos municipais para pessoas com defici\u00eancia no \u00e2mbito do Munic\u00edpio de Manaus e d\u00e1 outras provid\u00eancias.\r\nArt. 1o Ficam isentos do pagamento da taxa de inscri\u00e7\u00e3o em concursos p\u00fablicos e processos seletivos para cargos, empregos ou fun\u00e7\u00f5es p\u00fablicas no \u00e2mbito da administra\u00e7\u00e3o direta e indireta todos os candidatos que, comprovadamente, atendam \u00e0 defini\u00e7\u00e3o de pessoa com defici\u00eancia prevista artigo 2\u00ba da Lei Federal n.\u00ba 13.146, de 06 de julho de 2015 \u2013 Lei Brasileira de Inclus\u00e3o da Pessoa com Defici\u00eancia (Estatuto da Pessoa com Defici\u00eancia).","observacao":"DELIBERA\u00c7\u00c3O: 19/02/2025. \r\nEm 19/02/2025: Segue para an\u00e1lise e emiss\u00e3o de parecer da 2a. CCJR.\r\nPROCURADORIA LEGISLATIVA: (21/02/2025- 28/02/2025). Parecer contr\u00e1rio.\r\n2\u00aa CCJR: Relator: Ver. Eduardo Assis (11/04/2025-22/04/2025). Parecer Favor\u00e1vel. Pedido de vista ao Vereador Gilmar Nascimento, na reuni\u00e3o ordin\u00e1ria do dia 11/06/2025.","resultado":"","texto_original":"http://sapl.cmm.am.gov.br/media/sapl/public/materialegislativa/2025/51290/pl_025_ver_marco_castilhos_isencao_de_taxa_concurso_pcd.pdf","data_ultima_atualizacao":"2025-06-17T10:22:44.121699-04:00","ip":"172.23.1.59","ultima_edicao":"2025-06-17T10:22:27.518489-04:00","tipo":4,"regime_tramitacao":1,"tipo_origem_externa":null,"local_origem_externa":null,"user":31,"anexadas":[],"autores":[269,147,272,273,274,275,49,46,277]}