{"id":51273,"__str__":"Projeto de Lei n\u00ba 11 de 2025","metadata":{},"numero":11,"ano":2025,"numero_protocolo":null,"data_apresentacao":"2025-02-14","tipo_apresentacao":"E","data_publicacao":null,"numero_origem_externa":"","ano_origem_externa":null,"data_origem_externa":null,"apelido":"","dias_prazo":null,"data_fim_prazo":null,"em_tramitacao":true,"polemica":false,"objeto":"","complementar":false,"ementa":"INSTITUI o Dia Municipal de Conscientiza\u00e7\u00e3o sobre a Fissura Labiopalatina no munic\u00edpio de Manaus e d\u00e1 outras provid\u00eancias.","indexacao":"INSTITUI o Dia Municipal de Conscientiza\u00e7\u00e3o sobre a Fissura Labiopalatina no munic\u00edpio de Manaus e d\u00e1 outras provid\u00eancias.\r\nArt. 1.\u00ba Fica institu\u00eddo e incluso no Calend\u00e1rio Oficial de Eventos do Munic\u00edpio de Manaus o Dia Municipal de Conscientiza\u00e7\u00e3o sobre a Fissura Labiopalatina, a ser comemorado anualmente no dia 24 de junho.","observacao":"DELIBERA\u00c7\u00c3O: 24/02/2025. \r\nEm 24/02/2025: Segue para an\u00e1lise e emiss\u00e3o de parecer da 2a. CCJR.\r\nPROCURADORIA LEGISLATIVA: (25/02/2025-07/03/2025). Parecer Favor\u00e1vel.\r\n2\u00aa CCJR: Relator: Ver. Eduardo Alfaia (09/04/2025-22/04/2025). Aprovado o parecer favor\u00e1vel, pela totalidade dos presentes, na reuni\u00e3o extraordin\u00e1ria do dia 23/06/2025.\r\nNo PLEN\u00c1RIO: Na reuni\u00e3o ordin\u00e1ria do dia 17/09/2025, foi aprovado o parecer favor\u00e1vel da 2\u00aa Comiss\u00e3o. Projeto encaminhado \u00e0 3\u00aa Comiss\u00e3o para an\u00e1lise e emiss\u00e3o de parecer.\r\n3\u00aa CFEO: Relator: Ver. Marco Castilhos (22/09/2025-29/09/2025). Parecer Favor\u00e1vel. Aprovado o parecer favor\u00e1vel, pela totalidade dos membros na reuni\u00e3o extraordin\u00e1ria do dia 12/11/2025.","resultado":"","texto_original":"http://sapl.cmm.am.gov.br/media/sapl/public/materialegislativa/2025/51273/pl_011_ver_ivo_neto_dia_fissura_labiopalatina.pdf","data_ultima_atualizacao":"2025-11-12T17:06:18.191066-04:00","ip":"172.23.0.186","ultima_edicao":"2025-11-12T17:05:46.258975-04:00","tipo":4,"regime_tramitacao":1,"tipo_origem_externa":null,"local_origem_externa":null,"user":172,"anexadas":[],"autores":[269,4,141,142,144,273,275,46,41,47,280]}