{"id":51211,"__str__":"Projeto de Lei n\u00ba 454 de 2024","metadata":{},"numero":454,"ano":2024,"numero_protocolo":439,"data_apresentacao":"2024-10-30","tipo_apresentacao":"E","data_publicacao":null,"numero_origem_externa":"","ano_origem_externa":2024,"data_origem_externa":null,"apelido":"","dias_prazo":null,"data_fim_prazo":null,"em_tramitacao":false,"polemica":false,"objeto":"","complementar":false,"ementa":"INSTITUI o Dia Municipal do Ter\u00e7o dos Homens, a ser celebrado no dia 8 de setembro e d\u00e1 outras provid\u00eancias.","indexacao":"INSTITUI o Dia Municipal do Ter\u00e7o dos Homens, a ser celebrado no dia 8 de setembro e d\u00e1 outras provid\u00eancias.","observacao":"DELIBERA\u00c7\u00c3O: 27/11/2024. \r\nEm 27/11/2024: Segue para an\u00e1lise e emiss\u00e3o de parecer da 2a. CCJR.\r\nPROCURADORIA LEGISLATIVA (2/12/2024 a 9/12/2024). Parecer favor\u00e1vel.\r\nArquivado. Fim de Legislatura. Art. 151 do Regimento Interno.\r\nDesarquivado pelo autor. Memorando n. 004/2025 - GVRC.\r\n2\u00aa CCJR - RELATOR: Ver. Allan Campelo (17/02/2025-25/02/2025). Parecer Favor\u00e1vel. Aprovado o parecer favor\u00e1vel, pela totalidade dos presentes, na reuni\u00e3o ordin\u00e1ria do dia 01/04/2026.\r\nNo PLEN\u00c1RIO: Na reuni\u00e3o ordin\u00e1ria do dia 08/04/2026, o projeto entrou em pauta para aprova\u00e7\u00e3o do parecer favor\u00e1vel da 2\u00aa Comiss\u00e3o e 1a. discuss\u00e3o, mas n\u00e3o foi apreciado devido \u00e0 aus\u00eancia do autor. Aguarda pr\u00f3xima inclus\u00e3o em pauta.\r\nPara aprova\u00e7\u00e3o do parecer favor\u00e1vel da 2\u00aa Comiss\u00e3o e 1a. discuss\u00e3o.\r\nNo PLEN\u00c1RIO: Na reuni\u00e3o ordin\u00e1ria do dia 13/04/2026, foi aprovado o parecer favor\u00e1vel da 2\u00aa Comiss\u00e3o e aprovado em 1a. discuss\u00e3o. . Aguardando 2a. discuss\u00e3o na forma da lei.\r\nNo PLEN\u00c1RIO: Na reuni\u00e3o ordin\u00e1ria do dia 15/04/2026, o projeto foi APROVADO em 2\u00aa. discuss\u00e3o. Segue \u00e0 san\u00e7\u00e3o do senhor Prefeito.\r\n\r\n*Subscrito pelos Vereadores S\u00c9RGIO BAR\u00c9, Z\u00c9 RICARDO","resultado":"","texto_original":"http://sapl.cmm.am.gov.br/media/sapl/public/materialegislativa/2024/51211/pl_454_2024_rosivaldo_cordovil_institui_o_dia_municipal_do_terco_454.pdf","data_ultima_atualizacao":"2026-04-16T13:02:53.340785-04:00","ip":"191.189.18.113","ultima_edicao":"2026-04-16T12:58:18.944791-04:00","tipo":4,"regime_tramitacao":1,"tipo_origem_externa":4,"local_origem_externa":null,"user":13,"anexadas":[],"autores":[13,141,142,29,47]}