{"id":51168,"__str__":"Projeto de Lei n\u00ba 418 de 2024","metadata":{},"numero":418,"ano":2024,"numero_protocolo":405,"data_apresentacao":"2024-09-10","tipo_apresentacao":"E","data_publicacao":null,"numero_origem_externa":"","ano_origem_externa":2024,"data_origem_externa":null,"apelido":"","dias_prazo":null,"data_fim_prazo":null,"em_tramitacao":true,"polemica":false,"objeto":"","complementar":false,"ementa":"DISP\u00d5E sobre a distribui\u00e7\u00e3o domiciliar de medicamentos para pacientes acamados, domiciliados, obesos, idosos e pessoas com transtorno do espectro autista (TEA) no munic\u00edpio de Manaus e da outras providencias.","indexacao":"DISP\u00d5E sobre a distribui\u00e7\u00e3o domiciliar de medicamentos para pacientes acamados, domiciliados, obesos, idosos e pessoas com transtorno do espectro autista (TEA) no munic\u00edpio de Manaus e da outras providencias.","observacao":"DELIBERA\u00c7\u00c3O: 16/09/2024. \r\nEm 16/09/2024: Segue para an\u00e1lise e emiss\u00e3o de parecer da 2a. CCJR.\r\nPROCURADORIA LEGISLATIVA (16/9/2024 a 23/9/2024). Parecer contr\u00e1rio.\r\nArquivado. Fim de Legislatura. Art. 151 do Regimento Interno.\r\nDesarquivado pelo autor. Memorando n. 001/2025 - GVGN.\r\n2\u00aa CCJR - RELATOR: Vereador Eduardo Alfaia( 17/02/2025 a 25/02/2025). Parecer Favor\u00e1vel. Aprovado o parecer favor\u00e1vel, pela totalidade dos presentes, na reuni\u00e3o ordin\u00e1ria do dia 01/10/2025.\r\nNo PLEN\u00c1RIO: Na reuni\u00e3o ordin\u00e1ria do dia 13/10/2025, foi aprovado o parecer favor\u00e1vel da 2\u00aa Comiss\u00e3o. Projeto encaminhado \u00e0 3\u00aa Comiss\u00e3o para an\u00e1lise e emiss\u00e3o de parecer.\r\nOBS. Subscrito pelo Vereador RODINEI RAMOS\r\n3\u00aa CFEO: Relator: vereador Eduardo Alfaia (11/11/2025 - 19/11/2025). Aguardando elabora\u00e7\u00e3o do parecer do relator.","resultado":"","texto_original":"http://sapl.cmm.am.gov.br/media/sapl/public/materialegislativa/2024/51168/pl_418_2024_gilmar_nascimento_distribuicao_domiciliar_de_medicamentos.pdf","data_ultima_atualizacao":"2025-11-11T12:53:47.793654-04:00","ip":"172.23.0.186","ultima_edicao":"2025-11-11T12:53:24.255358-04:00","tipo":4,"regime_tramitacao":1,"tipo_origem_externa":4,"local_origem_externa":null,"user":172,"anexadas":[],"autores":[139,10,141,142,144,149]}