{"id":51106,"__str__":"Projeto de Lei n\u00ba 367 de 2024","metadata":{},"numero":367,"ano":2024,"numero_protocolo":null,"data_apresentacao":"2024-06-25","tipo_apresentacao":"E","data_publicacao":null,"numero_origem_externa":"Mens. 048","ano_origem_externa":2024,"data_origem_externa":"2024-06-25","apelido":"Cria\u00e7\u00e3o de cargos de Diretor","dias_prazo":null,"data_fim_prazo":null,"em_tramitacao":false,"polemica":false,"objeto":"Estrutura Semsa","complementar":false,"ementa":"ALTERA a Lei n. 2.927, de 05 de julho de 2022, que disp\u00f5e sobre a estrutura organizacional da Secretaria Municipal de Sa\u00fade (Semsa).\r\nMensagem n. 048/2024.","indexacao":"ALTERA a Lei n. 2.927, de 05 de julho de 2022, que disp\u00f5e sobre a estrutura organizacional da Secretaria Municipal de Sa\u00fade (Semsa).\r\nCria\u00e7\u00e3o de Cargos de Diretor","observacao":"DELIBERA\u00c7\u00c3O: 26/06/2024. Aprovado em Regime de URG\u00caNCIA.\r\nEm 26/06/2024: Segue para an\u00e1lise e emiss\u00e3o de parecer da 2a. CCJR.\r\nPROCURADORIA LEGISLATIVA (26/6/2024 a 27/6/2024).\r\n2\u00aa CCJR - RELATOR: Vereador Gilmar Nascimento (26/6/2024). Parecer favor\u00e1vel. Aprovado o parecer favor\u00e1vel, pela totalidade dos presentes, na reuni\u00e3o ordin\u00e1ria do dia 26/6/2024.\r\n3\u00aa CFEO - Relator - vereador Marcel Alexandre (26.06 a 01.07.24). Parecer favor\u00e1vel. Aprovado o parecer favor\u00e1vel pela totalidade dos presentes \u00e0 reuni\u00e3o extraordin\u00e1ria da CFEO, realizada no dia 26 de junho de 2024.\r\n6\u00aa COMSAU: Relator: vereador Elan Alencar (26.06 a 01.07.24). Parecer favor\u00e1vel. Aprovado o parecer favor\u00e1vel pela totalidade dos presentes \u00e0 reuni\u00e3o extraordin\u00e1ria da COMSAU, realizada no dia 26 de junho de 2024. \r\n7\u00aa COMSOP - Relator - vereador Sass\u00e1 da Constru\u00e7\u00e3o Civil (26.06 a 01.07.24). Parecer favor\u00e1vel. Aprovado o parecer favor\u00e1vel pela totalidade dos presentes \u00e0 reuni\u00e3o extraordin\u00e1ria da COMSOP, realizada no dia 26 de junho de 2024.\r\nNo PLEN\u00c1RIO: Na reuni\u00e3o ordin\u00e1ria do dia 26/06/2024, foram aprovados os pareceres favor\u00e1veis da 2\u00aa, 3\u00aa, 6\u00aa e 7\u00aaComiss\u00f5es. O projeto foi APROVADO em Discuss\u00e3o \u00danica. Segue \u00e0 SAN\u00c7\u00c3O do senhor Prefeito.","resultado":"","texto_original":"http://sapl.cmm.am.gov.br/media/sapl/public/materialegislativa/2024/51106/pl_367_2024_-_mens._048_2024_-_pl_altera_lei_2.927_2022_-_estrutura_da_semsa_-_cria_cargos_de_diretor.pdf","data_ultima_atualizacao":"2024-07-01T13:08:14.412841-04:00","ip":"172.23.5.67","ultima_edicao":"2024-06-26T17:48:08.823672-04:00","tipo":4,"regime_tramitacao":2,"tipo_origem_externa":4,"local_origem_externa":1,"user":13,"anexadas":[],"autores":[106]}