{"id":51046,"__str__":"Veto n\u00ba 13 de 2024","metadata":{},"numero":13,"ano":2024,"numero_protocolo":null,"data_apresentacao":"2024-05-27","tipo_apresentacao":"E","data_publicacao":null,"numero_origem_externa":"Mens. 041","ano_origem_externa":2024,"data_origem_externa":"2024-05-27","apelido":"Int\u00e9rprete de Libras na Sa\u00fade","dias_prazo":null,"data_fim_prazo":null,"em_tramitacao":false,"polemica":false,"objeto":"Pessoas com Defici\u00eancia Auditiva","complementar":false,"ementa":"Veto Total ao Projeto de Lei n. 407/2023, de autoria do Vereador Mitoso, que \"TORNA obrigat\u00f3ria a disponibilidade de int\u00e9rprete da L\u00edngua Brasileira de Sinais (Libras) nos estabelecimentos de sa\u00fade da rede privada de Manaus para o atendimento de pessoas com defici\u00eancia auditiva\".\r\nMensagem n. 041/2024.","indexacao":"Veto Total ao Projeto de Lei n. 407/2023, de autoria do Vereador Mitoso, que \"TORNA obrigat\u00f3ria a disponibilidade de int\u00e9rprete da L\u00edngua Brasileira de Sinais (Libras) nos estabelecimentos de sa\u00fade da rede privada de Manaus para o atendimento de pessoas com defici\u00eancia auditiva\".","observacao":"Lido em PLEN\u00c1RIO: 03/06/2024. \r\nEm 03/06/2024: Segue \u00e0 2\u00aa Comiss\u00e3o de Constitui\u00e7\u00e3o, Justi\u00e7a e Reda\u00e7\u00e3o para an\u00e1lise e emiss\u00e3o de parecer.\r\nPROCURADORIA LEGISLATIVA (4/6/2024 a 5/6/2024). Parecer favor\u00e1vel.\r\n2\u00aa CCJR - RELATOR: Vereador Dr. Eduardo Assis (6/6/2024 a 13/6/2024). Parecer favor\u00e1vel. Aprovado o parecer favor\u00e1vel, pela totalidade dos presentes, na reuni\u00e3o ordin\u00e1ria do dia 12/06/2024.\r\nNo PLEN\u00c1RIO: Na reuni\u00e3o ordin\u00e1ria do dia 17/06/2024, o Veto Total foi MANTIDO.","resultado":"","texto_original":"http://sapl.cmm.am.gov.br/media/sapl/public/materialegislativa/2024/51046/vt_013_2024_-_pl_407_2023_-_mitoso.pdf","data_ultima_atualizacao":"2024-06-19T08:56:24.354535-04:00","ip":"191.189.17.155","ultima_edicao":"2024-06-18T07:21:54.088505-04:00","tipo":8,"regime_tramitacao":1,"tipo_origem_externa":8,"local_origem_externa":1,"user":13,"anexadas":[50396],"autores":[106]}