{"id":51028,"__str__":"Projeto de Lei n\u00ba 301 de 2024","metadata":{},"numero":301,"ano":2024,"numero_protocolo":301,"data_apresentacao":"2024-05-21","tipo_apresentacao":"E","data_publicacao":null,"numero_origem_externa":"","ano_origem_externa":2024,"data_origem_externa":null,"apelido":"","dias_prazo":null,"data_fim_prazo":null,"em_tramitacao":false,"polemica":false,"objeto":"","complementar":false,"ementa":"INSTITUI o Fundo Municipal de Combate \u00e0 Fome, no \u00e2mbito do Munic\u00edpio de Manaus.","indexacao":"INSTITUI o Fundo Municipal de Combate \u00e0 Fome, no \u00e2mbito do Munic\u00edpio de Manaus.","observacao":"DELIBERA\u00c7\u00c3O: 01/07/2024. \r\nEm 01/07/2024: Segue para an\u00e1lise e emiss\u00e3o de parecer da 2a. CCJR.\r\nPROCURADORIA LEGISLATIVA (2/7/2024 a 9/7/2024). Parecer contr\u00e1rio.\r\n2\u00aa CCJR - RELATOR: Vereador Dr. Eduardo Assis (10/7/2024 a 12/8/2024). Parecer contr\u00e1rio.\r\nArquivado. Fim de Legislatura. Art. 151 do Regimento Interno.","resultado":"","texto_original":"http://sapl.cmm.am.gov.br/media/sapl/public/materialegislativa/2024/51028/pl_301_2024_combate_a_fome.pdf","data_ultima_atualizacao":"2024-12-17T10:45:02.894895-04:00","ip":"172.23.1.15","ultima_edicao":"2024-12-17T10:44:53.067618-04:00","tipo":4,"regime_tramitacao":1,"tipo_origem_externa":4,"local_origem_externa":null,"user":185,"anexadas":[],"autores":[4,17]}