{"id":51023,"__str__":"Veto n\u00ba 10 de 2024","metadata":{},"numero":10,"ano":2024,"numero_protocolo":null,"data_apresentacao":"2024-05-17","tipo_apresentacao":"E","data_publicacao":null,"numero_origem_externa":"","ano_origem_externa":null,"data_origem_externa":null,"apelido":"","dias_prazo":null,"data_fim_prazo":null,"em_tramitacao":false,"polemica":false,"objeto":"","complementar":false,"ementa":"VETO TOTAL ao Projeto de Lei n. 079/2023, de autoria da Vereadora THAYSA LIPPY, que \"INSTITUI o programa Com\u00e9rcio do Bem no munic\u00edpio de Manaus, a fim de possibilitar a comercializa\u00e7\u00e3o de produtos em espa\u00e7os p\u00fablicos municipais\". \r\nMensagem n. 31/2024.","indexacao":"VETO TOTAL ao Projeto de Lei n. 079/2023, de autoria da Vereadora THAYSA LIPPY, que \"INSTITUI o programa Com\u00e9rcio do Bem no munic\u00edpio de Manaus, a fim de possibilitar a comercializa\u00e7\u00e3o de produtos em espa\u00e7os p\u00fablicos municipais\". Mensagem n. 31/2024.","observacao":"Lido em PLEN\u00c1RIO: 20/05/2024. \r\nEm 20/05/2024: Segue \u00e0 2\u00aa Comiss\u00e3o de Constitui\u00e7\u00e3o, Justi\u00e7a e Reda\u00e7\u00e3o para an\u00e1lise e emiss\u00e3o de parecer.\r\nPROCURADORIA LEGISLATIVA (21/5/2024 a 22/5/2024). Parecer favor\u00e1vel.\r\n2\u00aa CCJR - RELATOR: Vereador Dr. Eduardo Assis (23/5/2024 a 3/6/2024). Parecer favor\u00e1vel. Aprovado o parecer favor\u00e1vel, pela totalidade dos presentes, na reuni\u00e3o ordin\u00e1ria do dia 12/06/2024.\r\nNo PLEN\u00c1RIO: Na reuni\u00e3o ordin\u00e1ria do dia 17/06/2024, o Veto Total foi MANTIDO.","resultado":"","texto_original":"http://sapl.cmm.am.gov.br/media/sapl/public/materialegislativa/2024/51023/vt_010_2024_ao_pl_079_2023_-_thaysa_lippy.pdf","data_ultima_atualizacao":"2024-06-18T07:11:06.313362-04:00","ip":"191.189.17.155","ultima_edicao":"2024-06-18T07:09:41.767426-04:00","tipo":8,"regime_tramitacao":1,"tipo_origem_externa":8,"local_origem_externa":1,"user":13,"anexadas":[49991],"autores":[106]}