{"id":50988,"__str__":"Projeto de Lei n\u00ba 270 de 2024","metadata":{},"numero":270,"ano":2024,"numero_protocolo":269,"data_apresentacao":"2024-04-26","tipo_apresentacao":"E","data_publicacao":null,"numero_origem_externa":"","ano_origem_externa":2024,"data_origem_externa":null,"apelido":"","dias_prazo":null,"data_fim_prazo":null,"em_tramitacao":false,"polemica":false,"objeto":"","complementar":false,"ementa":"CONSIDERA de Utilidade P\u00fablica a Associa\u00e7\u00e3o Comunit\u00e1ria Agr\u00edcola S\u00e3o Francisco do Caramuri.","indexacao":"CONSIDERA de Utilidade P\u00fablica a Associa\u00e7\u00e3o Comunit\u00e1ria Agr\u00edcola S\u00e3o Francisco do Caramuri.","observacao":"DELIBERA\u00c7\u00c3O: 12/06/2024. \r\nEm 12/06/2024: Segue para an\u00e1lise e emiss\u00e3o de parecer da 2a. CCJR.\r\nPROCURADORIA LEGISLATIVA (13/6/2024 a 20/6/2024). Parecer contr\u00e1rio.\r\n2\u00aa CCJR - RELATOR: Vereador Jo\u00e3o Carlos (6/8/2024 \u00e0 14/8/2024).\r\nArquivado. Fim de Legislatura. Art. 151 do Regimento Interno.\r\nDvLEI - Em 20/02/2025. PL Desarquivado pelo Autor. Memorando n. 009/2025 - GVPJ.\r\n2\u00aa CCJR - RELATOR: Vereador Eduardo Alfaia (25/2/2025 \u00e0 12/3/2025). Parecer Favor\u00e1vel. Aprovado o parecer favor\u00e1vel pela totalidade dos presentes na reuni\u00e3o ordin\u00e1ria do dia 07/05/2025.\r\nNo PLEN\u00c1RIO: Na reuni\u00e3o ordin\u00e1ria do dia 02/06/2025, foi aprovado o parecer favor\u00e1vel da 2\u00aa Comiss\u00e3o. Projeto encaminhado \u00e0 11\u00aa Comiss\u00e3o para an\u00e1lise e emiss\u00e3o de parecer.\r\n Na 11\u00aa - Relator: Vereador Rodrigo S\u00e1. (03.06.2025 a 10.06.2025) - Na reuni\u00e3o extraordin\u00e1ria do dia 25.05.2025 da 11\u00aa COMASLEP, foi aprovado o parecer favor\u00e1vel pela totalidade dos membros.\r\nNo PLEN\u00c1RIO: Na reuni\u00e3o ordin\u00e1ria do dia 03/09/2025, foi aprovado o parecer favor\u00e1vel da 11\u00aa Comiss\u00e3o. Projeto aprovado em 1a. discuss\u00e3o. Aguardando 2a. discuss\u00e3o na forma da lei.\r\nNo PLEN\u00c1RIO: Na reuni\u00e3o ordin\u00e1ria do dia 08/09/2025, o projeto foi APROVADO em 2\u00aa. discuss\u00e3o. Segue \u00e0 SAN\u00c7\u00c3O do senhor Prefeito.\r\n\r\n*Subscrito pelo Vereador RODINEI RAMOS.","resultado":"","texto_original":"http://sapl.cmm.am.gov.br/media/sapl/public/materialegislativa/2024/50988/pl_270_2024_profa._jacqueline_utilidade_publica_completo_.pdf","data_ultima_atualizacao":"2025-09-08T15:25:07.079825-04:00","ip":"172.23.4.153","ultima_edicao":"2025-09-08T15:22:42.896149-04:00","tipo":4,"regime_tramitacao":1,"tipo_origem_externa":4,"local_origem_externa":null,"user":13,"anexadas":[],"autores":[13,145,31,154]}