{"id":50938,"__str__":"Projeto de Lei n\u00ba 224 de 2024","metadata":{},"numero":224,"ano":2024,"numero_protocolo":222,"data_apresentacao":"2024-04-09","tipo_apresentacao":"E","data_publicacao":null,"numero_origem_externa":"","ano_origem_externa":2024,"data_origem_externa":null,"apelido":"","dias_prazo":null,"data_fim_prazo":null,"em_tramitacao":false,"polemica":false,"objeto":"","complementar":false,"ementa":"CONSIDERA de Utilidade P\u00fablica o Instituto F3M - INSF3M.","indexacao":"CONSIDERA de Utilidade P\u00fablica o Instituto F3M - INSF3M.","observacao":"DELIBERA\u00c7\u00c3O: 15/05/2024. \r\nEm 15/05/2024: Segue para an\u00e1lise e emiss\u00e3o de parecer da 2a. CCJR.\r\nPROCURADORIA LEGISLATIVA (16/5/2024 a 23/5/2024). Parecer contr\u00e1rio.\r\n2\u00aa CCJR - RELATOR: Vereador Jo\u00e3o Carlos (9/8/2024 \u00e0 20/8/2024). Parecer favor\u00e1vel.\r\nForam anexados documentos pelo autor da propositura, no dia 25/6/2024 e no dia 15/08/2024.\r\n2\u00aa CCJR - RELATOR: Vereador Jo\u00e3o Carlos (9/8/2024 \u00e0 20/8/2024). Parecer favor\u00e1vel. Aprovado o parecer favor\u00e1vel, por unanimidade dos membros, na reuni\u00e3o extraordin\u00e1ria do dia 21/10/2024.\r\nNo PLEN\u00c1RIO: Na reuni\u00e3o ordin\u00e1ria do dia 23/10/2024, o projeto entrou em pauta para aprova\u00e7\u00e3o do parecer favor\u00e1vel da 2\u00aa Comiss\u00e3o, mas n\u00e3o foi apreciado devido \u00e0 aus\u00eancia do autor.\r\nNo PLEN\u00c1RIO: Na reuni\u00e3o ordin\u00e1ria do dia 30/10/2024, foi aprovado o parecer favor\u00e1vel da 2\u00aa Comiss\u00e3o. Projeto encaminhado \u00e0 11\u00aa Comiss\u00e3o para an\u00e1lise e emiss\u00e3o de parecer.\r\nNa 11\u00aa COMASLEP -Relator: Vereador Isaac Tayah - (30.10.2024 a 11.11.2024) - Na reuni\u00e3o extraordin\u00e1ria do dia 12.11.2024, foi aprovado o parecer favor\u00e1vel pela totalidade dos presentes.\r\nNo PLEN\u00c1RIO: Na reuni\u00e3o ordin\u00e1ria do dia 18/11/2024, o projeto entrou em pauta para aprova\u00e7\u00e3o do parecer favor\u00e1vel da 11\u00aa Comiss\u00e3o e 1a. discuss\u00e3o, mas n\u00e3o foi apreciado devido \u00e0 aus\u00eancia do autor. Aguarda pr\u00f3xima inclus\u00e3o em pauta.\r\nNo PLEN\u00c1RIO: Na reuni\u00e3o ordin\u00e1ria do dia 25/11/2024, foi aprovado o parecer favor\u00e1vel da 11\u00aa Comiss\u00e3o. Projeto aprovado em 1a. discuss\u00e3o. Aguardando 2a. discuss\u00e3o na forma da lei.\r\nNo PLEN\u00c1RIO: Na reuni\u00e3o ordin\u00e1ria do dia 27/11/2024, o projeto foi APROVADO em 2\u00aa. discuss\u00e3o. Segue \u00e0 SAN\u00c7\u00c3O do senhor Prefeito.","resultado":"","texto_original":"http://sapl.cmm.am.gov.br/media/sapl/public/materialegislativa/2024/50938/pl_224_2024_elan_alencar_insf3m_completo.pdf","data_ultima_atualizacao":"2024-11-28T12:32:04.400915-04:00","ip":"172.23.5.67","ultima_edicao":"2024-11-28T12:30:44.966743-04:00","tipo":4,"regime_tramitacao":1,"tipo_origem_externa":4,"local_origem_externa":null,"user":13,"anexadas":[],"autores":[139]}