{"id":50743,"__str__":"Projeto de Lei n\u00ba 47 de 2024","metadata":{},"numero":47,"ano":2024,"numero_protocolo":47,"data_apresentacao":"2024-02-15","tipo_apresentacao":"E","data_publicacao":null,"numero_origem_externa":"","ano_origem_externa":2024,"data_origem_externa":null,"apelido":"","dias_prazo":null,"data_fim_prazo":null,"em_tramitacao":false,"polemica":false,"objeto":"","complementar":false,"ementa":"OBRIGA os estabelecimentos que possuem banheiros destinados \u00e0 fam\u00edlia a inserir, nas placas indicativas, o s\u00edmbolo mundial de conscientiza\u00e7\u00e3o do transtorno do espectro autista.","indexacao":"OBRIGA os estabelecimentos que possuem banheiros destinados \u00e0 fam\u00edlia a inserir, nas placas indicativas, o s\u00edmbolo mundial de conscientiza\u00e7\u00e3o do transtorno do espectro autista.","observacao":"Projeto RETIRADO DE TRAMITA\u00c7\u00c3O pelo autor na sess\u00e3o ordin\u00e1ria de 15/05/2024.\r\nPROJETO ARQUIVADO.","resultado":"","texto_original":"http://sapl.cmm.am.gov.br/media/sapl/public/materialegislativa/2024/50743/pl_047_2024_rodrigo_guedes_simbolo_do_autismo_nos_banheiros_familia_rev.pdf","data_ultima_atualizacao":"2025-02-13T11:14:28.186512-04:00","ip":"172.23.5.67","ultima_edicao":"2024-05-15T14:47:43.082868-04:00","tipo":4,"regime_tramitacao":1,"tipo_origem_externa":4,"local_origem_externa":null,"user":13,"anexadas":[],"autores":[150]}