{"id":50728,"__str__":"Projeto de Lei n\u00ba 32 de 2024","metadata":{},"numero":32,"ano":2024,"numero_protocolo":32,"data_apresentacao":"2024-02-08","tipo_apresentacao":"E","data_publicacao":null,"numero_origem_externa":"","ano_origem_externa":2024,"data_origem_externa":null,"apelido":"","dias_prazo":null,"data_fim_prazo":null,"em_tramitacao":true,"polemica":false,"objeto":"","complementar":false,"ementa":"Disp\u00f5e sobre a proibi\u00e7\u00e3o, no \u00e2mbito do munic\u00edpio de Manaus, da utiliza\u00e7\u00e3o de penas e plumas de origem animal para produ\u00e7\u00e3o de fantasias e alegorias e d\u00e1 outras provid\u00eancias.","indexacao":"Disp\u00f5e sobre a proibi\u00e7\u00e3o, no \u00e2mbito do munic\u00edpio de Manaus, da utiliza\u00e7\u00e3o de penas e plumas de origem animal para produ\u00e7\u00e3o de fantasias e alegorias e d\u00e1 outras provid\u00eancias.","observacao":"DELIBERA\u00c7\u00c3O: 05/06/2024. \r\nEm 05/06/2024: Segue para an\u00e1lise e emiss\u00e3o de parecer da 2a. CCJR.\r\nPROCURADORIA LEGISLATIVA (6/6/2024 a 13/6/2024). Parecer favor\u00e1vel.\r\n2\u00aa CCJR - RELATOR:  Vereador Fransu\u00e1 (14/6/2024 a 24/6/2024). Parecer favor\u00e1vel. Aprovado o parecer favor\u00e1vel, pela totalidade dos presentes, na reuni\u00e3o extraordin\u00e1ria do dia 11/11/2024.\r\nEm 08/01/2025: Encerrada a 18\u00aa Legislatura, Propositura ARQUIVADA por for\u00e7a do artigo 151 do Regimento Interno da C\u00e2mara, que prev\u00ea, que finda a Legislatura, ser\u00e3o arquivadas todas as proposituras deliberadas e n\u00e3o solucionadas.\r\nDesarquivado pelo Autor. Memorando n. 006/2025 - GVKM\r\nNo PLEN\u00c1RIO: Na reuni\u00e3o ordin\u00e1ria do dia 10/03/2025, foi aprovado o parecer favor\u00e1vel da 2\u00aa Comiss\u00e3o. Projeto encaminhado \u00e0 3\u00aa Comiss\u00e3o para an\u00e1lise e emiss\u00e3o de parecer.\r\n3\u00aa CFEO: Relator: Ver. Marcelo Serafim (30/06/2025-09/07/2025). Aprovado o parecer Favor\u00e1vel, pela totalidade dos presentes, na reuni\u00e3o ordin\u00e1ria do dia 07/07/2025.\r\nNo PLEN\u00c1RIO: Na reuni\u00e3o ordin\u00e1ria do dia 22/09/2025, foi aprovado o parecer favor\u00e1vel da 3\u00aa Comiss\u00e3o. Projeto encaminhado \u00e0 25\u00aa Comiss\u00e3o para an\u00e1lise e emiss\u00e3o de parecer.\r\n25\u00aa COMPETS: Relator Eduardo Alfaia (22/09/25-30/09/25).  Parecer favor\u00e1vel aprovado por totalidade dos membros presentes na reuni\u00e3o extraordin\u00e1ria do dia 10/11/25.","resultado":"","texto_original":"http://sapl.cmm.am.gov.br/media/sapl/public/materialegislativa/2024/50728/pl_032_2024_kennedy_marques_proibicao_do_uso_de_penas_e_plumas.pdf","data_ultima_atualizacao":"2025-12-10T11:10:39.512462-04:00","ip":"172.23.0.234","ultima_edicao":"2025-12-10T11:10:01.782720-04:00","tipo":4,"regime_tramitacao":1,"tipo_origem_externa":4,"local_origem_externa":null,"user":150,"anexadas":[],"autores":[144]}