{"id":50656,"__str__":"Projeto de Lei n\u00ba 627 de 2023","metadata":{},"numero":627,"ano":2023,"numero_protocolo":612,"data_apresentacao":"2023-11-22","tipo_apresentacao":"E","data_publicacao":null,"numero_origem_externa":"","ano_origem_externa":2023,"data_origem_externa":null,"apelido":"","dias_prazo":null,"data_fim_prazo":null,"em_tramitacao":true,"polemica":null,"objeto":"","complementar":null,"ementa":"INSTITUI o Programa Municipal de Valoriza\u00e7\u00e3o do Folclore no \u00e2mbito do Munic\u00edpio de Manaus e d\u00e1 outras provid\u00eancias.","indexacao":"INSTITUI o Programa Municipal de Valoriza\u00e7\u00e3o do Folclore no \u00e2mbito do Munic\u00edpio de Manaus e d\u00e1 outras provid\u00eancias.","observacao":"Projeto ARQUIVADO por n\u00e3o ter sido deliberado na mesma Sess\u00e3o Legislativa em que foi apresentado.","resultado":"","texto_original":"http://sapl.cmm.am.gov.br/media/sapl/public/materialegislativa/2023/50656/pl_627_2023_ivo_neto_programa_municipal_de_valorizacao_do_folclore.pdf","data_ultima_atualizacao":"2023-12-28T12:53:50.658228-04:00","ip":"172.17.0.1","ultima_edicao":"2023-12-28T12:53:33.030087-04:00","tipo":4,"regime_tramitacao":1,"tipo_origem_externa":4,"local_origem_externa":null,"user":13,"anexadas":[],"autores":[141]}