{"id":50651,"__str__":"Projeto de Lei n\u00ba 623 de 2023","metadata":{},"numero":623,"ano":2023,"numero_protocolo":607,"data_apresentacao":"2023-11-22","tipo_apresentacao":"E","data_publicacao":null,"numero_origem_externa":"","ano_origem_externa":2023,"data_origem_externa":null,"apelido":"","dias_prazo":null,"data_fim_prazo":null,"em_tramitacao":true,"polemica":null,"objeto":"","complementar":null,"ementa":"Institui, no Calend\u00e1rio Oficial de eventos do Munic\u00edpio de Manaus, o Festival Afroamaz\u00f4nico de Iemanj\u00e1, realizado pela Associa\u00e7\u00e3o de Desenvolvimento Sociocultural Toy Bade \u2013 ATB, e d\u00e1 outras provid\u00eancias.","indexacao":"Institui, no Calend\u00e1rio Oficial de eventos do Munic\u00edpio de Manaus, o Festival Afroamaz\u00f4nico de Iemanj\u00e1, realizado pela Associa\u00e7\u00e3o de Desenvolvimento Sociocultural Toy Bade \u2013 ATB, e d\u00e1 outras provid\u00eancias.","observacao":"Projeto ARQUIVADO por n\u00e3o ter sido deliberado na mesma Sess\u00e3o Legislativa em que foi apresentado.","resultado":"","texto_original":"http://sapl.cmm.am.gov.br/media/sapl/public/materialegislativa/2023/50651/pl_623_2023_rodrigo_guedes_calendario_oficial_festival_afroamazonico_de_iemanja.pdf","data_ultima_atualizacao":"2023-12-28T12:51:39.543994-04:00","ip":"172.17.0.1","ultima_edicao":"2023-12-28T12:51:23.053259-04:00","tipo":4,"regime_tramitacao":1,"tipo_origem_externa":4,"local_origem_externa":null,"user":13,"anexadas":[],"autores":[150]}