{"id":50643,"__str__":"Projeto de Lei n\u00ba 617 de 2023","metadata":{},"numero":617,"ano":2023,"numero_protocolo":604,"data_apresentacao":"2023-11-14","tipo_apresentacao":"E","data_publicacao":null,"numero_origem_externa":"","ano_origem_externa":2023,"data_origem_externa":null,"apelido":"","dias_prazo":null,"data_fim_prazo":null,"em_tramitacao":true,"polemica":null,"objeto":"","complementar":null,"ementa":"INSTITUI \"A\u00e7\u00f5es Municipais Integradas de Preven\u00e7\u00e3o e Combate \u00e0 Viol\u00eancia Dom\u00e9stica e Intrafamiliar\", que disp\u00f5e sobre a reflex\u00e3o, conscientiza\u00e7\u00e3o e responsabiliza\u00e7\u00e3o dos autores de viol\u00eancias dom\u00e9sticas contra mulheres e grupos reflexivos de homens, e d\u00e1 outras provid\u00eancias.","indexacao":"INSTITUI \"A\u00e7\u00f5es Municipais Integradas de Preven\u00e7\u00e3o e Combate \u00e0 Viol\u00eancia Dom\u00e9stica e Intrafamiliar\", que disp\u00f5e sobre a reflex\u00e3o, conscientiza\u00e7\u00e3o e responsabiliza\u00e7\u00e3o dos autores de viol\u00eancias dom\u00e9sticas contra mulheres e grupos reflexivos de homens, e d\u00e1 outras provid\u00eancias.","observacao":"Projeto ARQUIVADO por n\u00e3o ter sido deliberado na mesma Sess\u00e3o Legislativa em que foi apresentado.","resultado":"","texto_original":"http://sapl.cmm.am.gov.br/media/sapl/public/materialegislativa/2023/50643/pl_617_2023_-_gloria_carratte.pdf","data_ultima_atualizacao":"2023-12-28T12:50:40.183718-04:00","ip":"172.17.0.1","ultima_edicao":"2023-12-28T12:50:18.809825-04:00","tipo":4,"regime_tramitacao":1,"tipo_origem_externa":4,"local_origem_externa":null,"user":13,"anexadas":[],"autores":[17]}