{"id":50635,"__str__":"Projeto de Lei n\u00ba 610 de 2023","metadata":{},"numero":610,"ano":2023,"numero_protocolo":596,"data_apresentacao":"2023-11-13","tipo_apresentacao":"E","data_publicacao":null,"numero_origem_externa":"","ano_origem_externa":2023,"data_origem_externa":null,"apelido":"","dias_prazo":null,"data_fim_prazo":null,"em_tramitacao":true,"polemica":null,"objeto":"","complementar":null,"ementa":"DISP\u00d5E sobre o Programa \u201cVacina\u00e7\u00e3o na Escola\u201d no munic\u00edpio de Manaus.","indexacao":"DISP\u00d5E sobre o Programa \u201cVacina\u00e7\u00e3o na Escola\u201d no munic\u00edpio de Manaus.","observacao":"Projeto ARQUIVADO por n\u00e3o ter sido deliberado na mesma Sess\u00e3o Legislativa em que foi apresentado.","resultado":"","texto_original":"http://sapl.cmm.am.gov.br/media/sapl/public/materialegislativa/2023/50635/pl_610_2023_marcelo_serafim_programa_vacinacao_escolar.pdf","data_ultima_atualizacao":"2023-12-28T12:46:26.517952-04:00","ip":"172.17.0.1","ultima_edicao":"2023-12-28T12:46:07.845594-04:00","tipo":4,"regime_tramitacao":1,"tipo_origem_externa":4,"local_origem_externa":null,"user":13,"anexadas":[],"autores":[29]}