{"id":50630,"__str__":"Projeto de Lei n\u00ba 605 de 2023","metadata":{},"numero":605,"ano":2023,"numero_protocolo":591,"data_apresentacao":"2023-11-09","tipo_apresentacao":"E","data_publicacao":null,"numero_origem_externa":"","ano_origem_externa":2023,"data_origem_externa":null,"apelido":"","dias_prazo":null,"data_fim_prazo":null,"em_tramitacao":true,"polemica":null,"objeto":"","complementar":null,"ementa":"INSTITUI no \u00e2mbito do Munic\u00edpio de Manaus Campanha de Conscientiza\u00e7\u00e3o sobre o Patrim\u00f4nio Escolar a ser realizada anualmente na segunda semana do m\u00eas de in\u00edcio das aulas e da outras providencias","indexacao":"INSTITUI no \u00e2mbito do Munic\u00edpio de Manaus Campanha de Conscientiza\u00e7\u00e3o sobre o Patrim\u00f4nio Escolar a ser realizada anualmente na segunda semana do m\u00eas de in\u00edcio das aulas e da outras providencias","observacao":"Projeto ARQUIVADO por n\u00e3o ter sido deliberado na mesma Sess\u00e3o Legislativa em que foi apresentado.","resultado":"","texto_original":"http://sapl.cmm.am.gov.br/media/sapl/public/materialegislativa/2023/50630/pl_605_2023_raulzinho_campanha_de_conscientizacao_sobre_o_patrimonio_escolar.pdf","data_ultima_atualizacao":"2023-12-28T12:43:32.804636-04:00","ip":"172.17.0.1","ultima_edicao":"2023-12-28T12:43:17.648447-04:00","tipo":4,"regime_tramitacao":1,"tipo_origem_externa":4,"local_origem_externa":null,"user":13,"anexadas":[],"autores":[46]}