{"id":50625,"__str__":"Projeto de Lei n\u00ba 600 de 2023","metadata":{},"numero":600,"ano":2023,"numero_protocolo":587,"data_apresentacao":"2023-11-06","tipo_apresentacao":"E","data_publicacao":null,"numero_origem_externa":"","ano_origem_externa":2023,"data_origem_externa":null,"apelido":"","dias_prazo":null,"data_fim_prazo":null,"em_tramitacao":true,"polemica":null,"objeto":"","complementar":null,"ementa":"DISP\u00d5E sobre a utiliza\u00e7\u00e3o/circula\u00e7\u00e3o de ve\u00edculo particular transportando pessoas com transtorno do espectro autista nas faixas exclusivas de \u00f4nibus.","indexacao":"DISP\u00d5E sobre a utiliza\u00e7\u00e3o/circula\u00e7\u00e3o de ve\u00edculo particular transportando pessoas com transtorno do espectro autista nas faixas exclusivas de \u00f4nibus.","observacao":"DELIBERA\u00c7\u00c3O: 11/12/2023. \r\nEm 11/12/2023: Segue para an\u00e1lise e emiss\u00e3o de parecer da 2a. CCJR.\r\nPROCURADORIA LEGISLATIVA (12/12/2023 a 7/2/2024). Parecer contr\u00e1rio.\r\n2\u00aa CCJR - RELATOR: Vereadora Thaysa Lippy (5/3/2024 a 13/3/2024).\r\nArquivado. Fim de Legislatura. Art. 151 do Regimento Interno.\r\nEm 19/02/2025. PL Desarquivado pelo Autor. Memorando n. 006/2025 - GVEA\r\n2\u00aa CCJR - RELATOR: Vereador Allan Campelo (25/02/2025 a 12/03/2025). Parecer Contr\u00e1rio. Aprovado o parecer contr\u00e1rio do relator, pela totalidade dos presentes, na reuni\u00e3o ordin\u00e1ria do dia 04/06/2025.\r\nPara conhecimento dos vereadores, conforme par\u00e1grafo 1\u00ba do art. 38, do Regimento Interno.\r\nNo PLEN\u00c1RIO: Feita a leitura em Plen\u00e1rio na reuni\u00e3o ordin\u00e1ria do dia 23/03/2026, conforme par\u00e1grafo 1\u00ba do art. 38, do Regimento Interno. Aberto o prazo regimental de 5 dias \u00fateis para recurso. Prazo: 24/03/2026 a 30/03/2026.","resultado":"","texto_original":"http://sapl.cmm.am.gov.br/media/sapl/public/materialegislativa/2023/50625/pl_600_2023_elan_alencar_circulacao_de_veiculos_tea.pdf","data_ultima_atualizacao":"2026-03-24T13:51:48.662827-04:00","ip":"191.189.18.113","ultima_edicao":"2026-03-24T13:50:31.899983-04:00","tipo":4,"regime_tramitacao":1,"tipo_origem_externa":4,"local_origem_externa":null,"user":13,"anexadas":[],"autores":[139]}