{"id":50621,"__str__":"Projeto de Lei n\u00ba 597 de 2023","metadata":{},"numero":597,"ano":2023,"numero_protocolo":583,"data_apresentacao":"2023-11-01","tipo_apresentacao":"E","data_publicacao":null,"numero_origem_externa":"","ano_origem_externa":2023,"data_origem_externa":null,"apelido":"","dias_prazo":null,"data_fim_prazo":null,"em_tramitacao":true,"polemica":null,"objeto":"","complementar":null,"ementa":"CONSIDERA de Utilidade P\u00fablica a Associa\u00e7\u00e3o dos Vendedores e Trabalhadores Aut\u00f4nomos no Estado do Amazonas - ASVETAM.","indexacao":"CONSIDERA de Utilidade P\u00fablica a Associa\u00e7\u00e3o dos Vendedores e Trabalhadores Aut\u00f4nomos no Estado do Amazonas - ASVETAM.","observacao":"Projeto ARQUIVADO por n\u00e3o ter sido deliberado na mesma Sess\u00e3o Legislativa em que foi apresentado.","resultado":"","texto_original":"http://sapl.cmm.am.gov.br/media/sapl/public/materialegislativa/2023/50621/pl_597_2023_profo._jacqueline_utilidade_publica_word.pdf","data_ultima_atualizacao":"2023-12-28T12:40:38.091997-04:00","ip":"172.17.0.1","ultima_edicao":"2023-12-28T12:40:20.020448-04:00","tipo":4,"regime_tramitacao":1,"tipo_origem_externa":4,"local_origem_externa":null,"user":13,"anexadas":[],"autores":[31]}