{"id":5061,"__str__":"Projeto de Lei n\u00ba 114 de 2021","metadata":{},"numero":114,"ano":2021,"numero_protocolo":1501,"data_apresentacao":"2021-04-06","tipo_apresentacao":"E","data_publicacao":null,"numero_origem_externa":"","ano_origem_externa":2021,"data_origem_externa":null,"apelido":"","dias_prazo":null,"data_fim_prazo":null,"em_tramitacao":false,"polemica":null,"objeto":"","complementar":null,"ementa":"Disp\u00f5e sobre a institui\u00e7\u00e3o da Semana de Conscientiza\u00e7\u00e3o da S\u00edndrome de Tourette e Cria o Dia do Portador da S\u00edndrome de Tourette no Munic\u00edpio de Manaus e d\u00e1 outras provid\u00eancias.","indexacao":"Disp\u00f5e sobre a institui\u00e7\u00e3o da Semana de Conscientiza\u00e7\u00e3o da S\u00edndrome de Tourette e Cria o Dia do Portador da S\u00edndrome de Tourette no Munic\u00edpio de Manaus e d\u00e1 outras provid\u00eancias.","observacao":"DELIBERA\u00c7\u00c3O: 12/04/2021.\r\nEm 12/04/2021: Segue para an\u00e1lise e emiss\u00e3o de parecer da 2a. CCJR.\r\nProcuradoria: 13/04/2021- 21/04/2021\r\n2\u00aa CCJR-RELATOR: Ver. Caio Andr\u00e9 (15/04/2021-27/04/2021). Aprovado o parecer favor\u00e1vel pela totalidade dos presentes, na reuni\u00e3o presencial do dia 09/06/2021.\r\nNo PLEN\u00c1RIO: Na reuni\u00e3o ordin\u00e1ria do dia 13/07/2021, foi aprovado o parecer favor\u00e1vel da 2\u00aa Comiss\u00e3o. Projeto encaminhado \u00e0 3\u00aa Comiss\u00e3o para an\u00e1lise e emiss\u00e3o de parecer.\r\n3\u00aa CFEO - RELATOR: Ver. Lissandro Breval ( 02/08/2021 - 03/08/2021). Aprovado o parecer favor\u00e1vel pela unanimidade dos membros, na Reuni\u00e3o Extraordin\u00e1ria Virtual do dia 17/08/2021.\r\nNo PLEN\u00c1RIO: Na reuni\u00e3o ordin\u00e1ria do dia 30/08/2021, foi aprovado o parecer favor\u00e1vel da 3\u00aa Comiss\u00e3o. Projeto encaminhado \u00e0 6\u00aa Comiss\u00e3o para an\u00e1lise e emiss\u00e3o de parecer.\r\n6\u00aa COMSAU - RELATOR: Ver. Amom (01/09/21-15/09/21). Aprovado o parecer favor\u00e1vel por totalidade dos presentes, na reuni\u00e3o virtual do dia 27.09.21.\r\nNo PLEN\u00c1RIO: Na reuni\u00e3o ordin\u00e1ria do dia 06/10/2021, foi aprovado o parecer favor\u00e1vel da 6\u00aa Comiss\u00e3o. Projeto aprovado em 1a. discuss\u00e3o. Aguardando 2a. discuss\u00e3o na forma da lei.\r\nNo PLEN\u00c1RIO: Na reuni\u00e3o ordin\u00e1ria do dia 13/10/2021, o projeto foi APROVADO em 2\u00aa. discuss\u00e3o. Segue \u00e0 san\u00e7\u00e3o do senhor Prefeito.","resultado":"","texto_original":"http://sapl.cmm.am.gov.br/media/sapl/public/materialegislativa/2021/5061/pl_114_2021_wandercey_monteiro_dispoe_sobre_a_instituicao_da_semana_de_consci_.pdf","data_ultima_atualizacao":"2024-08-15T13:29:29.993158-04:00","ip":"172.23.5.10","ultima_edicao":"2021-10-13T09:09:20.793599-04:00","tipo":4,"regime_tramitacao":1,"tipo_origem_externa":4,"local_origem_externa":null,"user":13,"anexadas":[],"autores":[153]}