{"id":50584,"__str__":"Projeto de Lei n\u00ba 568 de 2023","metadata":{},"numero":568,"ano":2023,"numero_protocolo":null,"data_apresentacao":"2023-10-09","tipo_apresentacao":"E","data_publicacao":null,"numero_origem_externa":"Mens. 91","ano_origem_externa":2023,"data_origem_externa":"2023-10-09","apelido":"Creche Jos\u00e9 de Oliveira Fernandes","dias_prazo":null,"data_fim_prazo":null,"em_tramitacao":false,"polemica":false,"objeto":"Estrutura Semed","complementar":false,"ementa":"CRIA na estrutura b\u00e1sica da Rede P\u00fablica Municipal de Ensino de Manaus a Creche Municipal Jos\u00e9 de Oliveira Fernandes e d\u00e1 outras provid\u00eancias.\r\nMensagem n. 91/2023.","indexacao":"CRIA na estrutura b\u00e1sica da Rede P\u00fablica Municipal de Ensino de Manaus a Creche Municipal Jos\u00e9 de Oliveira Fernandes e d\u00e1 outras provid\u00eancias.\r\nR. das \u00c1guas, QD 08, Residencial Viver Melhor I, S/N \u2013 Lago Azul.","observacao":"DELIBERA\u00c7\u00c3O: 25/10/2023. \r\nEm 25/10/2023: Segue para an\u00e1lise e emiss\u00e3o de parecer da 2a. CCJR.\r\nPROCURADORIA LEGISLATIVA (26/10/2023 a 6/11/2023). Parecer favor\u00e1vel. \r\n2\u00aa CCJR - RELATOR: vereador Gilmar Nascimento (7/11/2023 a 21/11/2023). Parecer favor\u00e1vel. Aprovado o parecer favor\u00e1vel, pela totalidade dos presentes, na reuni\u00e3o extraordin\u00e1ria do dia 8/11/2023.\r\nNo PLEN\u00c1RIO: Na reuni\u00e3o ordin\u00e1ria do dia 22/11/2023, foi aprovado o parecer favor\u00e1vel da 2\u00aa Comiss\u00e3o. Projeto encaminhado \u00e0 3\u00aa Comiss\u00e3o para an\u00e1lise e emiss\u00e3o de parecer.\r\n3\u00aa CFEO- Relator: Marcel Alexandre (04 a 11/12/2023). Parecer Favor\u00e1vel. Aprovado o parecer favor\u00e1vel . pela totalidade dos presentes na reuni\u00e3o ordin\u00e1ria do dia 11/12/23\r\nNo PLEN\u00c1RIO: Na reuni\u00e3o ordin\u00e1ria do dia 13/12/2023, foi aprovado o parecer favor\u00e1vel da 3\u00aa Comiss\u00e3o. Projeto encaminhado \u00e0 4\u00aa Comiss\u00e3o para an\u00e1lise e emiss\u00e3o de parecer.\r\n4\u00aa COMED - RELATOR: Vereador Prof Samuel (07/02/2024 a 26/02/2024). Parecer favor\u00e1vel aprovado pela totalidade dos membros presentes \u00e0 reuni\u00e3o do dia 26 de fevereiro de 2024.\r\nNo PLEN\u00c1RIO: Na reuni\u00e3o ordin\u00e1ria do dia 28/02/2024, foi aprovado o parecer favor\u00e1vel da 4\u00aa Comiss\u00e3o. Projeto aprovado em 1a. discuss\u00e3o. Aguardando 2a. discuss\u00e3o na forma da lei.\r\nNo PLEN\u00c1RIO: Na reuni\u00e3o ordin\u00e1ria do dia 04/03/2024, o projeto foi APROVADO em 2\u00aa. discuss\u00e3o. Segue \u00e0 SAN\u00c7\u00c3O do senhor Prefeito.","resultado":"","texto_original":"http://sapl.cmm.am.gov.br/media/sapl/public/materialegislativa/2023/50584/pl_568_2023_-_mens._91_2023_-_cria_creche_jose_de_oliveira_fernandes.pdf","data_ultima_atualizacao":"2024-05-28T10:15:58.024567-04:00","ip":"172.23.5.67","ultima_edicao":"2024-03-04T15:11:56.438252-04:00","tipo":4,"regime_tramitacao":1,"tipo_origem_externa":4,"local_origem_externa":1,"user":13,"anexadas":[],"autores":[106]}