{"id":50549,"__str__":"Projeto de Lei n\u00ba 537 de 2023","metadata":{},"numero":537,"ano":2023,"numero_protocolo":529,"data_apresentacao":"2023-10-16","tipo_apresentacao":"E","data_publicacao":null,"numero_origem_externa":"","ano_origem_externa":2023,"data_origem_externa":null,"apelido":"","dias_prazo":null,"data_fim_prazo":null,"em_tramitacao":true,"polemica":null,"objeto":"","complementar":null,"ementa":"PRO\u00cdBE a veicula\u00e7\u00e3o de imagens religiosas em desfiles de carnaval.","indexacao":"PRO\u00cdBE a veicula\u00e7\u00e3o de imagens religiosas em desfiles de carnaval.","observacao":"Projeto ARQUIVADO por n\u00e3o ter sido deliberado na mesma Sess\u00e3o Legislativa em que foi apresentado.","resultado":"","texto_original":"http://sapl.cmm.am.gov.br/media/sapl/public/materialegislativa/2023/50549/pl_537_2023_roberto_sabino_proibicao_de_imagens_religiosas.pdf","data_ultima_atualizacao":"2023-12-28T12:09:31.898442-04:00","ip":"172.17.0.1","ultima_edicao":"2023-12-28T12:09:10.427585-04:00","tipo":4,"regime_tramitacao":1,"tipo_origem_externa":4,"local_origem_externa":null,"user":13,"anexadas":[],"autores":[41]}