{"id":50540,"__str__":"Projeto de Lei n\u00ba 531 de 2023","metadata":{},"numero":531,"ano":2023,"numero_protocolo":523,"data_apresentacao":"2023-10-04","tipo_apresentacao":"E","data_publicacao":null,"numero_origem_externa":"","ano_origem_externa":2023,"data_origem_externa":null,"apelido":"","dias_prazo":null,"data_fim_prazo":null,"em_tramitacao":false,"polemica":null,"objeto":"","complementar":null,"ementa":"Institui a contrata\u00e7\u00e3o de jovem aprendiz nas empresas que prestam servi\u00e7os de terceiriza\u00e7\u00e3o \u00e0 Prefeitura de Manaus e d\u00e1 outras provid\u00eancias.","indexacao":"Institui a contrata\u00e7\u00e3o de jovem aprendiz nas empresas que prestam servi\u00e7os de terceiriza\u00e7\u00e3o \u00e0 Prefeitura de Manaus e d\u00e1 outras provid\u00eancias.","observacao":"DELIBERA\u00c7\u00c3O: 11/12/2023. \r\nEm 11/12/2023: Segue para an\u00e1lise e emiss\u00e3o de parecer da 2a. CCJR.\r\nPROCURADORIA LEGISLATIVA  (12/12/2023 a 7/2/2024). Parecer contr\u00e1rio.\r\n2\u00aa CCJR - RELATOR: Vereador Jo\u00e3o Carlos (5/3/2024 a 13/3/2024). Parecer contr\u00e1rio. Aprovado o parecer contr\u00e1rio, pela totalidade dos presentes, na reuni\u00e3o ordin\u00e1ria do dia 27/11/2024.\r\nEm 08/01/2025: Encerrada a 18\u00aa Legislatura, Propositura ARQUIVADA por for\u00e7a do artigo 151 do Regimento Interno da C\u00e2mara, que prev\u00ea, que finda a Legislatura, ser\u00e3o arquivadas todas as proposituras deliberadas e n\u00e3o solucionadas.","resultado":"","texto_original":"http://sapl.cmm.am.gov.br/media/sapl/public/materialegislativa/2023/50540/pl_531_2023_bessa_menor_aprendiz_nas_terceirizadas_da_prefeitura_pesq.pdf","data_ultima_atualizacao":"2025-01-08T12:11:06.110944-04:00","ip":"172.23.5.15","ultima_edicao":"2025-01-08T12:10:54.507361-04:00","tipo":4,"regime_tramitacao":1,"tipo_origem_externa":4,"local_origem_externa":null,"user":182,"anexadas":[],"autores":[9]}