{"id":50527,"__str__":"Projeto de Lei n\u00ba 521 de 2023","metadata":{},"numero":521,"ano":2023,"numero_protocolo":515,"data_apresentacao":"2023-09-28","tipo_apresentacao":"E","data_publicacao":null,"numero_origem_externa":"","ano_origem_externa":2023,"data_origem_externa":null,"apelido":"","dias_prazo":null,"data_fim_prazo":null,"em_tramitacao":false,"polemica":null,"objeto":"","complementar":null,"ementa":"INSTITUI a Semana da Cultura Surda nas escolas p\u00fablicas e privadas no munic\u00edpio de Manaus.","indexacao":"INSTITUI a Semana da Cultura Surda nas escolas p\u00fablicas e privadas no munic\u00edpio de Manaus.","observacao":"Projeto ARQUIVADO por n\u00e3o ter sido deliberado na mesma Sess\u00e3o Legislativa em que foi apresentado.\r\nMemorando n. 007/2025 - GVLM para desarquivamento pelo autor. Propositura n\u00e3o desarquivada por n\u00e3o ter sido deliberada.","resultado":"","texto_original":"http://sapl.cmm.am.gov.br/media/sapl/public/materialegislativa/2023/50527/pl_521_2023_mitoso_semana_municipal_da_cultura_surda_rev.pdf","data_ultima_atualizacao":"2025-03-17T13:37:01.511807-04:00","ip":"172.23.0.245","ultima_edicao":"2025-02-18T12:16:00.292150-04:00","tipo":4,"regime_tramitacao":1,"tipo_origem_externa":4,"local_origem_externa":null,"user":139,"anexadas":[],"autores":[146]}